{"id":1035,"count":1,"description":"","link":"https:\/\/red.antropologiadelcuerpo.com\/index.php\/tag\/caminhar-como-pratica-estetica-e-politica\/","name":"caminhar como pr\u00e1tica est\u00e9tica e pol\u00edtica","slug":"caminhar-como-pratica-estetica-e-politica","taxonomy":"post_tag","meta":[],"_links":{"self":[{"href":"https:\/\/red.antropologiadelcuerpo.com\/index.php\/wp-json\/wp\/v2\/tags\/1035","targetHints":{"allow":["GET"]}}],"collection":[{"href":"https:\/\/red.antropologiadelcuerpo.com\/index.php\/wp-json\/wp\/v2\/tags"}],"about":[{"href":"https:\/\/red.antropologiadelcuerpo.com\/index.php\/wp-json\/wp\/v2\/taxonomies\/post_tag"}],"wp:post_type":[{"href":"https:\/\/red.antropologiadelcuerpo.com\/index.php\/wp-json\/wp\/v2\/posts?tags=1035"}],"curies":[{"name":"wp","href":"https:\/\/api.w.org\/{rel}","templated":true}]}}