{"id":968,"date":"2012-02-22T22:05:11","date_gmt":"2012-02-22T22:05:11","guid":{"rendered":"http:\/\/red.antropologiadelcuerpo.com\/?p=968"},"modified":"2012-02-28T22:15:08","modified_gmt":"2012-02-28T22:15:08","slug":"juan-antonio-flores-martos","status":"publish","type":"post","link":"https:\/\/red.antropologiadelcuerpo.com\/index.php\/juan-antonio-flores-martos\/","title":{"rendered":"Juan Antonio Flores Martos"},"content":{"rendered":"<p style=\"text-align: justify;\"><span style=\"font-family: Calibri;\"><span style=\"font-size: small;\"><img loading=\"lazy\" decoding=\"async\" class=\"alignleft\" title=\"Juan Antonio Flores Martos\" src=\"http:\/\/www.aibr.org\/antropologia\/equipo\/juanan.jpg\" alt=\"\" width=\"155\" height=\"185\" \/>Licenciado en Antropolog\u00eda y Etnolog\u00eda de Am\u00e9rica y Doctor en Antropolog\u00eda Social, Universidad Complutense de Madrid. Profesor Contratado Doctor en Antropolog\u00eda Social en la Universidad de Castilla-La Mancha (UCLM) en Talavera de la Reina, Espa\u00f1a. Miembro del Grupo de Estudios de Etnolog\u00eda Americana (Trujillo, Espa\u00f1a) y del Grupo de Etnograf\u00eda y Estudios Sociales Aplicados (Cuenca, Espa\u00f1a). Pertenece a la Red de \u201cExpresiones y representaciones de la violencia en Latinoam\u00e9rica\u201d (M\u00e9rida, Venezuela). <!--more-->Ha desarrollado proyectos de investigaci\u00f3n en M\u00e9xico, Bolivia y Espa\u00f1a, y especialmente en el Puerto de Veracruz (M\u00e9xico). L\u00edneas de investigaci\u00f3n: antropolog\u00eda del cuerpo, antropolog\u00eda de las emociones en el trabajo de campo etnogr\u00e1fico, violencia, carnavales. <\/span><\/span><\/p>\n<p style=\"text-align: justify;\"><span style=\"font-family: Calibri;\"><span style=\"font-size: small;\">L<\/span>ibros:(Coeditor) <em>Antropolog\u00eda de los sentidos. La Vista<\/em> (1996, Celeste). (Coautor) <em>Seg\u00fan cuerpos. Ensayo de diccionario de uso etnogr\u00e1fico<\/em> (2002, Cic\u00f3n Ed.). (Co-coordinador) <em>Etnograf\u00edas de la muerte y las culturas en Am\u00e9rica Latina<\/em> (2007, ed.UCLM\/ AECID). (Codirector) \u201cEmociones y sentimientos. Enfoques interdisciplinares\u201d (2010, ed.UCLM). (Co-coordinador) <em>In-corporaciones antropol\u00f3gicas. An\u00e1lisis desde el cuerpo y las emociones<\/em> (2011, FAAEE, Le\u00f3n). Art\u00edculo:<em> \u201cEl gusto en los cuerpos veracruzanos\u201d <\/em>(2009, RDTP,CSIC)<\/span><\/p>\n<p><span style=\"font-family: Calibri;\"><strong>Email y p\u00e1gina web:<\/strong> <a href=\"mailto:JuanAntonio.Flores@uclm.es\" target=\"_blank\">JuanAntonio.Flores@uclm.es<\/a> y <a href=\"http:\/\/www.aibr.org\/antropologia\/equipo\/juanan.php\" target=\"_blank\">http:\/\/www.aibr.org\/<wbr>antropologia\/equipo\/juanan.php<\/wbr><\/a><\/span><\/p>\n<p>[wpsr_addthis]<\/p>\n","protected":false},"excerpt":{"rendered":"<p>Licenciado en Antropolog\u00eda y Etnolog\u00eda de Am\u00e9rica y Doctor en Antropolog\u00eda Social, Universidad Complutense de Madrid. Profesor Contratado Doctor en Antropolog\u00eda Social en la Universidad de Castilla-La Mancha (UCLM) en Talavera de la Reina, Espa\u00f1a. Miembro del Grupo de Estudios de Etnolog\u00eda Americana (Trujillo, Espa\u00f1a) y del Grupo de Etnograf\u00eda y Estudios Sociales Aplicados (Cuenca, &hellip; <\/p>\n<p class=\"link-more\"><a href=\"https:\/\/red.antropologiadelcuerpo.com\/index.php\/juan-antonio-flores-martos\/\" class=\"more-link\">Continuar leyendo<span class=\"screen-reader-text\"> \u00abJuan Antonio Flores Martos\u00bb<\/span><\/a><\/p>\n","protected":false},"author":3,"featured_media":0,"comment_status":"closed","ping_status":"open","sticky":false,"template":"","format":"standard","meta":{"ngg_post_thumbnail":0,"footnotes":""},"categories":[113,7],"tags":[158,79,159,55,108],"class_list":["post-968","post","type-post","status-publish","format-standard","hentry","category-espania","category-investigadores","tag-antropologia-de-las-emociones","tag-antropologia-del-cuerpo","tag-carnavales","tag-etnografia","tag-violencia"],"_links":{"self":[{"href":"https:\/\/red.antropologiadelcuerpo.com\/index.php\/wp-json\/wp\/v2\/posts\/968","targetHints":{"allow":["GET"]}}],"collection":[{"href":"https:\/\/red.antropologiadelcuerpo.com\/index.php\/wp-json\/wp\/v2\/posts"}],"about":[{"href":"https:\/\/red.antropologiadelcuerpo.com\/index.php\/wp-json\/wp\/v2\/types\/post"}],"author":[{"embeddable":true,"href":"https:\/\/red.antropologiadelcuerpo.com\/index.php\/wp-json\/wp\/v2\/users\/3"}],"replies":[{"embeddable":true,"href":"https:\/\/red.antropologiadelcuerpo.com\/index.php\/wp-json\/wp\/v2\/comments?post=968"}],"version-history":[{"count":6,"href":"https:\/\/red.antropologiadelcuerpo.com\/index.php\/wp-json\/wp\/v2\/posts\/968\/revisions"}],"predecessor-version":[{"id":973,"href":"https:\/\/red.antropologiadelcuerpo.com\/index.php\/wp-json\/wp\/v2\/posts\/968\/revisions\/973"}],"wp:attachment":[{"href":"https:\/\/red.antropologiadelcuerpo.com\/index.php\/wp-json\/wp\/v2\/media?parent=968"}],"wp:term":[{"taxonomy":"category","embeddable":true,"href":"https:\/\/red.antropologiadelcuerpo.com\/index.php\/wp-json\/wp\/v2\/categories?post=968"},{"taxonomy":"post_tag","embeddable":true,"href":"https:\/\/red.antropologiadelcuerpo.com\/index.php\/wp-json\/wp\/v2\/tags?post=968"}],"curies":[{"name":"wp","href":"https:\/\/api.w.org\/{rel}","templated":true}]}}