{"id":884,"date":"2012-02-16T19:30:46","date_gmt":"2012-02-16T19:30:46","guid":{"rendered":"http:\/\/red.antropologiadelcuerpo.com\/?p=884"},"modified":"2012-02-16T19:30:46","modified_gmt":"2012-02-16T19:30:46","slug":"zandra-pedraza-gomez","status":"publish","type":"post","link":"https:\/\/red.antropologiadelcuerpo.com\/index.php\/zandra-pedraza-gomez\/","title":{"rendered":"Zandra Pedraza G\u00f3mez"},"content":{"rendered":"<p>Antrop\u00f3loga de la Universidad de los Andes y Doctora en Ciencias de la Educaci\u00f3n y Antropolog\u00eda Hist\u00f3rica de la Freie Universit\u00e4t Berlin (1996).<\/p>\n<p>Profesora Asociada \u2013 Departamento de Lenguajes y Estudios Socioculturales (2010) (Cursos a cargo: Escuela, cuerpo y poder; Seminario de Investigaci\u00f3n; Pensamiento y cultura en Am\u00e9rica Latina). Directora de la Maestr\u00eda en Estudios Culturales.<\/p>\n<p>Directora del grupo de investigaci\u00f3n Antropolog\u00eda Hist\u00f3rica (1997-2011).<!--more--><\/p>\n<p><strong>\u00c1reas de trabajo<\/strong>:<br \/>\nAntropolog\u00eda pedag\u00f3gica<br \/>\nCuerpo y biopol\u00edtica<br \/>\nExperiencia y conocimiento<br \/>\nFormaci\u00f3n del sujeto moderno<br \/>\nPensamiento antropol\u00f3gico latinoamericano<\/p>\n<p>Correo electr\u00f3nico de contacto: zpedraza@uniandes.edu.co<\/p>\n<p><strong> Publicaciones recientes<\/strong>:<\/p>\n<p style=\"padding-left: 30px;\">\u201cLa educaci\u00f3n del cuerpo y la vida privada\u201d, Borja, Jaime Humberto y Pablo Rodr\u00edguez (dirs). <em>Historia de la vida privada en Colombia. Tomo II. Los signos de la intimidad. El largo siglo XX<\/em>. Bogot\u00e1: Taurus, 2011, pp. 115-148. ISBN 978-958-758-300-7<br \/>\n\u201cLa estrategia higi\u00e9nica: movimiento y regeneraci\u00f3n\u201d, <em>Educaci\u00f3n F\u00edsica y Deporte<\/em> (Medell\u00edn: Universidad de Antioquia), 30(1): 445-456, 2011. ISSN 0120-677X.<br \/>\n\u201cReg\u00edmenes est\u00e9tico-pol\u00edticos: el orden del cuerpo en Am\u00e9rica Latina\u201d. Santos, Luis Henrique Sacchi dos y Paula Regina Costa Ribeiro (org.). <em>Corpos, g\u00eanero y sexualidade. Inst\u00e2ncias e pr\u00e1ticas de produ\u00e7\u00e3o nas pol\u00edticas de pr\u00f3pria vida<\/em>. Rio Grande: FURG, 2011, pp. 33-45. ISBN 978-85-7566-194-9.<br \/>\n<em>En cuerpo y alma: visiones del progreso y de la felicidad<\/em>. <em>Educaci\u00f3n, cuerpo y orden social en Colombia (1833 -1987)<\/em> 2ed. Bogot\u00e1: Universidad de los Andes &#8211; CESO, 2011. ISBN 978-958-695-620-8<br \/>\n\u201cCastro-G\u00f3mez, Santiago. Tejidos on\u00edricos. Movilidad, capitalismo y biopol\u00edtica en Bogot\u00e1 (1910-1930. Bogot\u00e1: Pontificia Universidad Javeriana, 2009\u201d. Rese\u00f1a. <em>Historia Cr\u00edtica<\/em> (Bogot\u00e1: Universidad de los Andes), (43): 228-233. ISSN 0121-1617.<br \/>\n\u201cDel cuerpo\u201d, <em>Revista Javeriana<\/em> (Bogot\u00e1: Pontificia Universidad Javeriana), 146(770): 8-15, 2010. ISSN 0120-3088.<br \/>\n\u201cSaber, cuerpo y escuela. El uso de los sentidos y la educaci\u00f3n som\u00e1tica\u201d, <em>Calle 14<\/em> (Bogot\u00e1: Universidad Distrital Francisco Jos\u00e9 de Caldas), 4(5): 44-56, 2010. ISSN 2011-3757. Disponible en: http:\/\/gemini.udistrital.edu.co\/comunidad\/grupos\/calle14<br \/>\n\u201cEl cuerpo: huellas del desplazamiento. Rubiela Arboleda G\u00f3mez\u201d. Rese\u00f1a. <em>Tabula Rasa<\/em> (Bogot\u00e1: Colegio Mayor de Cundinamarca), 12: 341-345. ISSN 1794-2489.<br \/>\n\u201cPerspectivas de los estudios del cuerpo en Am\u00e9rica Latina\u201d, Scribano, Adri\u00e1n y Pedro Lisdero (comps.). <em>Sensibilidades en juego: Miradas m\u00faltiples desde los estudios sociales de los cuerpos y de las emociones<\/em>. C\u00f3rdoba: CEA-CONICET, pp. 32-68. ISBN 978-987-26549-0-0. Ebook disponible en: <a href=\"http:\/\/www.accioncolectiva.com.ar\/sitio\/libros\/Sensibilidades.pdf\">www.accioncolectiva.com.ar\/sitio\/libros\/Sensibilidades.pdf<\/a><br \/>\n\u201cLa tarea subjetiva\u201d, Alejandro S\u00e1nchez, Franz Hensel, M\u00f3nica Zuleta, Zandra Pedraza (comp.) <em>La actualidad del sujeto. Conceptualizaciones, genealog\u00edas y pr\u00e1cticas<\/em> Bogot\u00e1: Universidad del Rosario, Universidad Central, Universidad de los Andes, 2010, pp. 11-18.<br \/>\n\u201cAlegor\u00edas del cuerpo: discurso, representaci\u00f3n y experiencia\u201d, Mu\u00f1iz, Elsa (coord.) <em>Disciplinas y pr\u00e1cticas corporales. Una mirada a las sociedades contempor\u00e1neas<\/em>. Barcelona: Anthropos, 2010, pp. 35-55. ISBN 9788476589779<br \/>\n\u201cExposici\u00f3n, ilustraci\u00f3n y experiencia del mundo emocional\u201c, Carolina Alzate. <em>Autobiograf\u00eda<\/em>. Bogot\u00e1: Uniandes &#8211; Facultad de Humanidades, 2010.<br \/>\n<em>La actualidad del sujeto. Conceptualizaciones, genealog\u00edas y pr\u00e1cticas<\/em> (comp.) Franz Hensel, Alejandro S\u00e1nchez, M\u00f3nica Zuleta, Zandra Pedraza. Bogot\u00e1: Universidad del Rosario, Universidad Central, Universidad de los Andes, 2010. ISBN 978-958-738-069-9<br \/>\n\u201cEn clave corporal: conocimiento, experiencia y condici\u00f3n humana\u201c. <em>Revista Colombiana de Antropolog\u00eda<\/em>, 45(1): 147-168, 2009.<br \/>\n\u201cDerivas est\u00e9ticas del cuerpo\u201d, <em>Desacatos. Revista de Antropolog\u00eda Social<\/em>, 30: 75-88, 2009. ISSN 1405-9274.<br \/>\n<em>Pol\u00edticas y est\u00e9ticas del cuerpo en Am\u00e9rica Latina<\/em>. Zandra Pedraza (comp.) Bogot\u00e1: Uniandes-CESO, 2007.<\/p>\n<p style=\"padding-left: 30px;\">Art\u00edculos en PDF<\/p>\n<p style=\"padding-left: 30px;\"><a href=\"https:\/\/red.antropologiadelcuerpo.com\/wp-content\/uploads\/De-la-educaci\u00f3n-f\u00edsica-y-el-uso-de-s\u00ed1.pdf\">De la educaci\u00f3n f\u00edsica y el uso de s\u00ed<\/a><\/p>\n<p style=\"padding-left: 30px;\"><a href=\"https:\/\/red.antropologiadelcuerpo.com\/wp-content\/uploads\/Saber-cuerpo-y-escuela-Calle-141.pdf\">Saber, cuerpo y escuela &#8211; Calle 14<\/a><\/p>\n<p style=\"padding-left: 30px;\"><a href=\"https:\/\/red.antropologiadelcuerpo.com\/wp-content\/uploads\/En-clave-corporal.pdf\">En clave corporal<\/a><\/p>\n<p style=\"padding-left: 30px;\"><a href=\"https:\/\/red.antropologiadelcuerpo.com\/wp-content\/uploads\/Saber-emocional-y-est\u00e9tica-de-s\u00ed-mismo.pdf\">Saber emocional y est\u00e9tica de s\u00ed mismo<\/a><\/p>\n<p style=\"padding-left: 30px;\">[wpsr_addthis]<\/p>\n","protected":false},"excerpt":{"rendered":"<p>Antrop\u00f3loga de la Universidad de los Andes y Doctora en Ciencias de la Educaci\u00f3n y Antropolog\u00eda Hist\u00f3rica de la Freie Universit\u00e4t Berlin (1996). Profesora Asociada \u2013 Departamento de Lenguajes y Estudios Socioculturales (2010) (Cursos a cargo: Escuela, cuerpo y poder; Seminario de Investigaci\u00f3n; Pensamiento y cultura en Am\u00e9rica Latina). Directora de la Maestr\u00eda en Estudios &hellip; <\/p>\n<p class=\"link-more\"><a href=\"https:\/\/red.antropologiadelcuerpo.com\/index.php\/zandra-pedraza-gomez\/\" class=\"more-link\">Continuar leyendo<span class=\"screen-reader-text\"> \u00abZandra Pedraza G\u00f3mez\u00bb<\/span><\/a><\/p>\n","protected":false},"author":1,"featured_media":0,"comment_status":"closed","ping_status":"open","sticky":false,"template":"","format":"standard","meta":{"ngg_post_thumbnail":0,"footnotes":""},"categories":[22,7],"tags":[141,142],"class_list":["post-884","post","type-post","status-publish","format-standard","hentry","category-colombia","category-investigadores","tag-cuerpo-y-biopolitica","tag-sujeto-moderno"],"_links":{"self":[{"href":"https:\/\/red.antropologiadelcuerpo.com\/index.php\/wp-json\/wp\/v2\/posts\/884","targetHints":{"allow":["GET"]}}],"collection":[{"href":"https:\/\/red.antropologiadelcuerpo.com\/index.php\/wp-json\/wp\/v2\/posts"}],"about":[{"href":"https:\/\/red.antropologiadelcuerpo.com\/index.php\/wp-json\/wp\/v2\/types\/post"}],"author":[{"embeddable":true,"href":"https:\/\/red.antropologiadelcuerpo.com\/index.php\/wp-json\/wp\/v2\/users\/1"}],"replies":[{"embeddable":true,"href":"https:\/\/red.antropologiadelcuerpo.com\/index.php\/wp-json\/wp\/v2\/comments?post=884"}],"version-history":[{"count":11,"href":"https:\/\/red.antropologiadelcuerpo.com\/index.php\/wp-json\/wp\/v2\/posts\/884\/revisions"}],"predecessor-version":[{"id":901,"href":"https:\/\/red.antropologiadelcuerpo.com\/index.php\/wp-json\/wp\/v2\/posts\/884\/revisions\/901"}],"wp:attachment":[{"href":"https:\/\/red.antropologiadelcuerpo.com\/index.php\/wp-json\/wp\/v2\/media?parent=884"}],"wp:term":[{"taxonomy":"category","embeddable":true,"href":"https:\/\/red.antropologiadelcuerpo.com\/index.php\/wp-json\/wp\/v2\/categories?post=884"},{"taxonomy":"post_tag","embeddable":true,"href":"https:\/\/red.antropologiadelcuerpo.com\/index.php\/wp-json\/wp\/v2\/tags?post=884"}],"curies":[{"name":"wp","href":"https:\/\/api.w.org\/{rel}","templated":true}]}}