{"id":7182,"date":"2026-02-17T12:57:43","date_gmt":"2026-02-17T15:57:43","guid":{"rendered":"https:\/\/red.antropologiadelcuerpo.com\/?p=7182"},"modified":"2026-04-06T13:12:59","modified_gmt":"2026-04-06T16:12:59","slug":"christian-omar-masabanda","status":"publish","type":"post","link":"https:\/\/red.antropologiadelcuerpo.com\/index.php\/christian-omar-masabanda\/","title":{"rendered":"Christian Omar Masabanda"},"content":{"rendered":"<p>Bailar\u00edn, investigador y docente ecuatoriano. &nbsp;<br \/>\nLicenciado en Educaci\u00f3n Art\u00edstica por la Universidad Veracruzana (M\u00e9xico), Licenciado en Danza por la Universidad de las Artes (Ecuador). Cuenta con una Maestr\u00eda en Estudios Avanzados de Teatro por la UNIR (Espa\u00f1a). Se ha desarrollado como bailar\u00edn profesional en agrupaciones y compa\u00f1\u00edas de danza en Ecuador y M\u00e9xico. Ha &nbsp;participado en festivales, residencias art\u00edsticas y encuentros pedag\u00f3gicos en B\u00e9lgica, Brasil, Colombia, Costa Rica, Chile, &nbsp;Espa\u00f1a, Ecuador, Estados Unidos, Francia, M\u00e9xico y Per\u00fa.<!--more--><\/p>\n<p>En 2019 integr\u00f3 la delegaci\u00f3n de J\u00f3venes Directores Latinoamericanos en la 73\u00aa edici\u00f3n del Festival de Avignon (Francia). Integr\u00f3 la planta docente de la Carrera de Danza de la Facultad de Artes de la Universidad Central del Ecuador. Actualmente, es docente de la Carrera de Danza y de la Maestr\u00eda en Artes Esc\u00e9nicas de la Universidad de las Artes. Propone laboratorios y talleres enfocados en la investigaci\u00f3n del cuerpo, la pedagog\u00eda cr\u00edtica y los estudios del movimiento que posibiliten gestar dispositivos esc\u00e9nicos desde los des-bordes disciplinares y en di\u00e1logo con su contexto, creando as\u00ed, un tejido de sensaciones con el que la vida se despliegue de manera sensible, po\u00e9tica, y pol\u00edticamente desde la escena.<\/p>\n<div><a href=\"https:\/\/www.facebook.com\/christianomar.masabanda\" target=\"_blank\" rel=\"noopener\" data-saferedirecturl=\"https:\/\/www.google.com\/url?q=https:\/\/www.facebook.com\/christianomar.masabanda&amp;source=gmail&amp;ust=1775576203248000&amp;usg=AOvVaw1ZGPGSC8jsOBohnWb5hHzb\"><i>https:\/\/www.facebook.com\/<wbr>christianomar.masabanda<\/i><\/a><\/div>\n<div><a href=\"https:\/\/www.facebook.com\/groups\/437082856432662\/\" target=\"_blank\" rel=\"noopener\" data-saferedirecturl=\"https:\/\/www.google.com\/url?q=https:\/\/www.facebook.com\/groups\/437082856432662\/&amp;source=gmail&amp;ust=1775576203248000&amp;usg=AOvVaw0KTPuyfKHAaOd41tONs_RP\"><i>https:\/\/www.facebook.com\/<wbr>groups\/437082856432662\/<\/i><\/a><\/div>\n","protected":false},"excerpt":{"rendered":"<p>Bailar\u00edn, investigador y docente ecuatoriano. &nbsp; Licenciado en Educaci\u00f3n Art\u00edstica por la Universidad Veracruzana (M\u00e9xico), Licenciado en Danza por la Universidad de las Artes (Ecuador). Cuenta con una Maestr\u00eda en Estudios Avanzados de Teatro por la UNIR (Espa\u00f1a). Se ha desarrollado como bailar\u00edn profesional en agrupaciones y compa\u00f1\u00edas de danza en Ecuador y M\u00e9xico. Ha &hellip; <\/p>\n<p class=\"link-more\"><a href=\"https:\/\/red.antropologiadelcuerpo.com\/index.php\/christian-omar-masabanda\/\" class=\"more-link\">Continuar leyendo<span class=\"screen-reader-text\"> \u00abChristian Omar Masabanda\u00bb<\/span><\/a><\/p>\n","protected":false},"author":3,"featured_media":0,"comment_status":"closed","ping_status":"open","sticky":false,"template":"","format":"standard","meta":{"ngg_post_thumbnail":0,"footnotes":""},"categories":[313,7],"tags":[1056,1055,1052,546,1054,219,1053],"class_list":["post-7182","post","type-post","status-publish","format-standard","hentry","category-ecuador","category-investigadores","tag-autoetnografia","tag-cuerpo-territorio","tag-in-disciplina","tag-interdisciplina","tag-ishkay-yachay","tag-memoria","tag-pedagogias-criticas"],"_links":{"self":[{"href":"https:\/\/red.antropologiadelcuerpo.com\/index.php\/wp-json\/wp\/v2\/posts\/7182","targetHints":{"allow":["GET"]}}],"collection":[{"href":"https:\/\/red.antropologiadelcuerpo.com\/index.php\/wp-json\/wp\/v2\/posts"}],"about":[{"href":"https:\/\/red.antropologiadelcuerpo.com\/index.php\/wp-json\/wp\/v2\/types\/post"}],"author":[{"embeddable":true,"href":"https:\/\/red.antropologiadelcuerpo.com\/index.php\/wp-json\/wp\/v2\/users\/3"}],"replies":[{"embeddable":true,"href":"https:\/\/red.antropologiadelcuerpo.com\/index.php\/wp-json\/wp\/v2\/comments?post=7182"}],"version-history":[{"count":2,"href":"https:\/\/red.antropologiadelcuerpo.com\/index.php\/wp-json\/wp\/v2\/posts\/7182\/revisions"}],"predecessor-version":[{"id":7184,"href":"https:\/\/red.antropologiadelcuerpo.com\/index.php\/wp-json\/wp\/v2\/posts\/7182\/revisions\/7184"}],"wp:attachment":[{"href":"https:\/\/red.antropologiadelcuerpo.com\/index.php\/wp-json\/wp\/v2\/media?parent=7182"}],"wp:term":[{"taxonomy":"category","embeddable":true,"href":"https:\/\/red.antropologiadelcuerpo.com\/index.php\/wp-json\/wp\/v2\/categories?post=7182"},{"taxonomy":"post_tag","embeddable":true,"href":"https:\/\/red.antropologiadelcuerpo.com\/index.php\/wp-json\/wp\/v2\/tags?post=7182"}],"curies":[{"name":"wp","href":"https:\/\/api.w.org\/{rel}","templated":true}]}}