{"id":6841,"date":"2025-04-29T18:38:00","date_gmt":"2025-04-29T21:38:00","guid":{"rendered":"https:\/\/red.antropologiadelcuerpo.com\/?p=6841"},"modified":"2025-06-17T18:50:15","modified_gmt":"2025-06-17T21:50:15","slug":"vina-di-carvalho","status":"publish","type":"post","link":"https:\/\/red.antropologiadelcuerpo.com\/index.php\/vina-di-carvalho\/","title":{"rendered":"Vina di Carvalho"},"content":{"rendered":"\n<div>\u00c9 uma bicha posithiviva e professora de educa\u00e7\u00e3o f\u00edsica (UFSJ) e doutora em educa\u00e7\u00e3o (UFMG), tamb\u00e9m atravessada pelos movimentos sociais LGBT+ e de enfrentamento aos estigmas da aids. Sua pesquisa de doutorado, corposi\u00e7\u00f5es cartografia das bicha, busca inventar possibilidades de provocar movimentos de descoloniza\u00e7\u00e3o dos corpos, utilizando-se de modos de fazer pr\u00f3ximos da educa\u00e7\u00e3o f\u00edsica, das dan\u00e7as, gin\u00e1sticas, massoterapias, teatro e circo e das filosofias da diferen\u00e7a, dos estudos decoloniais na educa\u00e7\u00e3o.<\/div>\n<p><!--more--><\/p>\n<div>Est\u00e1 professore substitute no Departamento de Ci\u00eancias da Educa\u00e7\u00e3o F\u00edsica e da Sa\u00fade, da UFSJ, onde trabalha com g\u00eanero, ra\u00e7a e classe na educa\u00e7\u00e3o f\u00edsica, gin\u00e1sticas, metodologias de ensino, did\u00e1ticas, jogos e brincadeiras, fundamentos socioantropol\u00f3gicos da educa\u00e7\u00e3o f\u00edsica, esportes coletivos e ritmo e movimento. Uma bicha perform\u00e1tica que quer viver para assistir \u00e0 posse da primeira travesti presidenta do Brasil.<\/div>\n<div>\u00a0<\/div>\n<div>Contacto vinadicarvalho (a) gmail.com<\/div>\n<div>\u00a0<\/div>\n\n\n\n<figure class=\"wp-block-embed is-type-video is-provider-youtube wp-block-embed-youtube wp-embed-aspect-4-3 wp-has-aspect-ratio\"><div class=\"wp-block-embed__wrapper\">\n<div class=\"ose-youtube ose-uid-e6ab3241dd424eed65dd19da58deea40 ose-embedpress-responsive\" style=\"width:600px; height:550px; max-height:550px; max-width:100%; display:inline-block;\" data-embed-type=\"Youtube\"><iframe loading=\"lazy\" allowFullScreen=\"true\" title=\"corpor cidades - documentariozinho\" width=\"600\" height=\"550\" src=\"https:\/\/www.youtube.com\/embed\/Xaw9EwJXifs?feature=oembed&color=red&rel=0&controls=1&start=&end=&fs=0&iv_load_policy=0&autoplay=0&mute=0&modestbranding=0&cc_load_policy=1&playsinline=1\" frameborder=\"0\" allow=\"accelerometer; encrypted-media;accelerometer;autoplay;clipboard-write;gyroscope;picture-in-picture clipboard-write; encrypted-media; gyroscope; picture-in-picture; web-share\" referrerpolicy=\"strict-origin-when-cross-origin\" allowfullscreen><\/iframe><\/div>\n<\/div><\/figure>\n\n\n\n\n\n<figure class=\"wp-block-embed is-type-video is-provider-youtube wp-block-embed-youtube wp-embed-aspect-16-9 wp-has-aspect-ratio\"><div class=\"wp-block-embed__wrapper\">\n<div class=\"ose-youtube ose-uid-b4966e24983a586ba6af3ea033b99550 ose-embedpress-responsive\" style=\"width:600px; height:550px; max-height:550px; max-width:100%; display:inline-block;\" data-embed-type=\"Youtube\"><iframe loading=\"lazy\" allowFullScreen=\"true\" title=\"Documentariozinho - Laborat\u00f3rio Saber com o corpo\" width=\"600\" height=\"550\" src=\"https:\/\/www.youtube.com\/embed\/S829Q6bxKQk?feature=oembed&color=red&rel=0&controls=1&start=&end=&fs=0&iv_load_policy=0&autoplay=0&mute=0&modestbranding=0&cc_load_policy=1&playsinline=1\" frameborder=\"0\" allow=\"accelerometer; encrypted-media;accelerometer;autoplay;clipboard-write;gyroscope;picture-in-picture clipboard-write; encrypted-media; gyroscope; picture-in-picture; web-share\" referrerpolicy=\"strict-origin-when-cross-origin\" allowfullscreen><\/iframe><\/div>\n<\/div><\/figure>\n\n\n\n<p><span class=\"yt-core-attributed-string yt-core-attributed-string--white-space-pre-wrap\" dir=\"auto\" role=\"text\"><span class=\"yt-core-attributed-string--link-inherit-color\" dir=\"auto\">Documentariozinho produzido com os registros de imagem e texto a partir dos encontros presenciais e atividades virtuais ocorridas entre setembro e outubro de 2022. O laborat\u00f3rio aconteceu pela Forma\u00e7\u00e3o Transversal em Culturas em Movimento e Processos Criativos da Universidade Federal de Minas Gerais, contribuindo para a composi\u00e7\u00e3o da tese de Doutorado em Educa\u00e7\u00e3o de Vina di Carvalho, intitulada corposi\u00e7\u00f5es das bicha.<\/span><\/span><\/p>\n\n\n","protected":false},"excerpt":{"rendered":"<p>\u00c9 uma bicha posithiviva e professora de educa\u00e7\u00e3o f\u00edsica (UFSJ) e doutora em educa\u00e7\u00e3o (UFMG), tamb\u00e9m atravessada pelos movimentos sociais LGBT+ e de enfrentamento aos estigmas da aids. Sua pesquisa de doutorado, corposi\u00e7\u00f5es cartografia das bicha, busca inventar possibilidades de provocar movimentos de descoloniza\u00e7\u00e3o dos corpos, utilizando-se de modos de fazer pr\u00f3ximos da educa\u00e7\u00e3o f\u00edsica, &hellip; <\/p>\n<p class=\"link-more\"><a href=\"https:\/\/red.antropologiadelcuerpo.com\/index.php\/vina-di-carvalho\/\" class=\"more-link\">Continuar leyendo<span class=\"screen-reader-text\"> \u00abVina di Carvalho\u00bb<\/span><\/a><\/p>\n","protected":false},"author":3,"featured_media":0,"comment_status":"closed","ping_status":"open","sticky":false,"template":"","format":"standard","meta":{"ngg_post_thumbnail":0,"footnotes":""},"categories":[21,7],"tags":[1020,1019,1018,957,179],"class_list":["post-6841","post","type-post","status-publish","format-standard","hentry","category-brasil","category-investigadores","tag-caravelhas-educacao-fisica","tag-corpos","tag-corposicao","tag-decolonialidade","tag-educacao"],"_links":{"self":[{"href":"https:\/\/red.antropologiadelcuerpo.com\/index.php\/wp-json\/wp\/v2\/posts\/6841","targetHints":{"allow":["GET"]}}],"collection":[{"href":"https:\/\/red.antropologiadelcuerpo.com\/index.php\/wp-json\/wp\/v2\/posts"}],"about":[{"href":"https:\/\/red.antropologiadelcuerpo.com\/index.php\/wp-json\/wp\/v2\/types\/post"}],"author":[{"embeddable":true,"href":"https:\/\/red.antropologiadelcuerpo.com\/index.php\/wp-json\/wp\/v2\/users\/3"}],"replies":[{"embeddable":true,"href":"https:\/\/red.antropologiadelcuerpo.com\/index.php\/wp-json\/wp\/v2\/comments?post=6841"}],"version-history":[{"count":3,"href":"https:\/\/red.antropologiadelcuerpo.com\/index.php\/wp-json\/wp\/v2\/posts\/6841\/revisions"}],"predecessor-version":[{"id":6845,"href":"https:\/\/red.antropologiadelcuerpo.com\/index.php\/wp-json\/wp\/v2\/posts\/6841\/revisions\/6845"}],"wp:attachment":[{"href":"https:\/\/red.antropologiadelcuerpo.com\/index.php\/wp-json\/wp\/v2\/media?parent=6841"}],"wp:term":[{"taxonomy":"category","embeddable":true,"href":"https:\/\/red.antropologiadelcuerpo.com\/index.php\/wp-json\/wp\/v2\/categories?post=6841"},{"taxonomy":"post_tag","embeddable":true,"href":"https:\/\/red.antropologiadelcuerpo.com\/index.php\/wp-json\/wp\/v2\/tags?post=6841"}],"curies":[{"name":"wp","href":"https:\/\/api.w.org\/{rel}","templated":true}]}}