{"id":6537,"date":"2023-01-31T23:18:08","date_gmt":"2023-02-01T02:18:08","guid":{"rendered":"https:\/\/red.antropologiadelcuerpo.com\/?p=6537"},"modified":"2023-01-31T23:36:05","modified_gmt":"2023-02-01T02:36:05","slug":"nuevo-dossier-sobre-corporalidades","status":"publish","type":"post","link":"https:\/\/red.antropologiadelcuerpo.com\/index.php\/nuevo-dossier-sobre-corporalidades\/","title":{"rendered":"Nuevo dossier sobre corporalidades"},"content":{"rendered":"<p id=\":1ys\" class=\"hP\" tabindex=\"-1\" data-thread-perm-id=\"thread-f:1755915403492111269\" data-legacy-thread-id=\"185e43c198c8b3a5\">La Revista Rascunhos &#8211; Caminhos da Pesquisa em Artes C\u00eanicas public\u00f3 el Dossier sobre corporalidades en la educaci\u00f3n.&nbsp; Vol. 9 N\u00fam. 3 (2022): Dossi\u00ea: Corporalidades na Educa\u00e7\u00e3o<\/p>\n<div class=\"obj_issue_toc\">\n<div class=\"heading\"><a class=\"cover\" href=\"https:\/\/seer.ufu.br\/index.php\/rascunhos\/issue\/view\/2197\"> <img decoding=\"async\" class=\"alignleft\" src=\"https:\/\/seer.ufu.br\/public\/journals\/63\/cover_issue_2197_pt_BR.png\" alt=\"Ver Vol. 9 N\u00fam. 3 (2022): Dossi\u00ea: Corporalidades na Educa\u00e7\u00e3o\"> <\/a>\n<p>El dossier <strong><em>Corporalidades en la Educaci\u00f3n<\/em><\/strong> que aqu\u00ed presentamos naci\u00f3 de los intercambios realizados en el <strong><em>GT05 &#8211; Cuerpos y corporalidades en educaci\u00f3n y la educaci\u00f3n de los cuerpos<\/em><\/strong>, que se reuni\u00f3 en el IV Encuentro Latinoamericano de Investigadores sobre Cuerpos y Corporalidades en las Culturas, promovido por la Red Latinoamericana de Investigadores (as) desde y desde los Cuerpos y Corporalidades, en 2021.<\/p>\n<p>A partir de los contextos transdisciplinarios, ideas y enfoques metodol\u00f3gicos presentes en las investigaciones de diferentes pa\u00edses latinoamericanos que estuvieron presentes en el Encuentro o que respondieron a la convocatoria p\u00fablica de este dossier, observamos el surgimiento de una diversidad de significados para las nociones de cuerpo y corporeidad, que se despliegan en distintos campos del saber y en distintas posibilidades de pensamiento y acci\u00f3n en el campo educativo.<\/p>\n<p><strong>Organizaci\u00f3n: <\/strong>Paulina Maria Caon (UFU), Andr\u00e9 Bocchetti (UFRJ), Julia Broguet (Universidade Nacional de Ros\u00e1rio &#8211; Argentina)<\/p>\n<p><strong>Equipo de coordinaci\u00f3n del GT05 &#8211; Cuerpos y corporalidades en educaci\u00f3n y la educaci\u00f3n de los cuerpos (2021)<\/strong><\/p>\n<p>Paulina Maria Caon (coordena\u00e7\u00e3o geral &#8211; Universidade Federal de Uberl\u00e2ndia), Andr\u00e9 Bocchetti (Universidade Federal do Rio de Janeiro &#8211; Brasil), Hilderman Cardona Rodas (Universidad de Medell\u00edn &#8211; Colombia), Jovanna D\u00edaz (Universidad de Piura- Peru), Julia Broguet (Universidad Nacional de Rosario &#8211; Argentina), Julia Castro Carvajal (Universidad de Antioquia &#8211; Colombia), Migu\u00e9l \u00c1ngel Rodriguez (Benem\u00e9rita Universidad Aut\u00f3noma de Puebla &#8211; M\u00e9xico).<\/p>\n<\/div>\n<p>Publicaci\u00f3n disponible en <a href=\"https:\/\/seer.ufu.br\/index.php\/rascunhos\/issue\/view\/2197\" target=\"_blank\" rel=\"noopener\">https:\/\/seer.ufu.br\/index.php\/rascunhos\/issue\/view\/2197<\/a><\/p>\n<\/div>\n\n        <div id=\"ep-gutenberg-content-3413e5387ea5eb0a9fefc37adc4c24ec\" class=\"ep-gutenberg-content aligncenter ep-percentage-width   ep-content-protection-disabled\">\n            <div class=\"embedpress-inner-iframe emebedpress-unit-percent ep-doc-3413e5387ea5eb0a9fefc37adc4c24ec\" style=\"max-width:600%\" id=\"embedpress-pdf-1675217698324\">\n                <div >\n                    <div class=\"ep-embed-content-wraper\"><div class=\"position-right-wraper gutenberg-pdf-wraper\"><iframe title=\"2197-454-PB\" class=\"embedpress-embed-document-pdf embedpress-pdf-1675217698324\" style=\"width:600%;height:600px; max-width:100%; display: inline-block\" src=\"https:\/\/red.antropologiadelcuerpo.com\/wp-admin\/admin-ajax.php?action=get_viewer&#038;file=https%3A%2F%2Fred.antropologiadelcuerpo.com%2Fwp-content%2Fuploads%2F2197-454-PB.pdf#key=dGhlbWVNb2RlPWRlZmF1bHQmdG9vbGJhcj10cnVlJnBvc2l0aW9uPXRvcCZwcmVzZW50YXRpb249dHJ1ZSZsYXp5TG9hZD1mYWxzZSZkb3dubG9hZD10cnVlJmNvcHlfdGV4dD10cnVlJmFkZF90ZXh0PXRydWUmZHJhdz10cnVlJmRvY19yb3RhdGlvbj10cnVlJmFkZF9pbWFnZT10cnVlJmRvY19kZXRhaWxzPXRydWUmem9vbV9pbj10cnVlJnpvb21fb3V0PXRydWUmZml0X3ZpZXc9dHJ1ZSZib29rbWFyaz10cnVlJmZsaXBib29rX3Rvb2xiYXJfcG9zaXRpb249Ym90dG9tJnNlbGVjdGlvbl90b29sPTAmc2Nyb2xsaW5nPS0xJnNwcmVhZHM9LTE=\" frameborder=\"0\" oncontextmenu=\"return false;\"><\/iframe> <p class=\"embedpress-el-powered\">Powered By EmbedPress<\/p><\/div><\/div>                <\/div>\n            <\/div>\n        <\/div>\n    ","protected":false},"excerpt":{"rendered":"<p>La Revista Rascunhos &#8211; Caminhos da Pesquisa em Artes C\u00eanicas public\u00f3 el Dossier sobre corporalidades en la educaci\u00f3n.&nbsp; Vol. 9 N\u00fam. 3 (2022): Dossi\u00ea: Corporalidades na Educa\u00e7\u00e3o El dossier Corporalidades en la Educaci\u00f3n que aqu\u00ed presentamos naci\u00f3 de los intercambios realizados en el GT05 &#8211; Cuerpos y corporalidades en educaci\u00f3n y la educaci\u00f3n de los &hellip; <\/p>\n<p class=\"link-more\"><a href=\"https:\/\/red.antropologiadelcuerpo.com\/index.php\/nuevo-dossier-sobre-corporalidades\/\" class=\"more-link\">Continuar leyendo<span class=\"screen-reader-text\"> \u00abNuevo dossier sobre corporalidades\u00bb<\/span><\/a><\/p>\n","protected":false},"author":1,"featured_media":0,"comment_status":"closed","ping_status":"open","sticky":false,"template":"","format":"standard","meta":{"ngg_post_thumbnail":0,"footnotes":""},"categories":[1,354],"tags":[195,765,698],"class_list":["post-6537","post","type-post","status-publish","format-standard","hentry","category-publicaciones","category-revistas","tag-corporalidades","tag-dossier","tag-educacion-2"],"_links":{"self":[{"href":"https:\/\/red.antropologiadelcuerpo.com\/index.php\/wp-json\/wp\/v2\/posts\/6537","targetHints":{"allow":["GET"]}}],"collection":[{"href":"https:\/\/red.antropologiadelcuerpo.com\/index.php\/wp-json\/wp\/v2\/posts"}],"about":[{"href":"https:\/\/red.antropologiadelcuerpo.com\/index.php\/wp-json\/wp\/v2\/types\/post"}],"author":[{"embeddable":true,"href":"https:\/\/red.antropologiadelcuerpo.com\/index.php\/wp-json\/wp\/v2\/users\/1"}],"replies":[{"embeddable":true,"href":"https:\/\/red.antropologiadelcuerpo.com\/index.php\/wp-json\/wp\/v2\/comments?post=6537"}],"version-history":[{"count":6,"href":"https:\/\/red.antropologiadelcuerpo.com\/index.php\/wp-json\/wp\/v2\/posts\/6537\/revisions"}],"predecessor-version":[{"id":6547,"href":"https:\/\/red.antropologiadelcuerpo.com\/index.php\/wp-json\/wp\/v2\/posts\/6537\/revisions\/6547"}],"wp:attachment":[{"href":"https:\/\/red.antropologiadelcuerpo.com\/index.php\/wp-json\/wp\/v2\/media?parent=6537"}],"wp:term":[{"taxonomy":"category","embeddable":true,"href":"https:\/\/red.antropologiadelcuerpo.com\/index.php\/wp-json\/wp\/v2\/categories?post=6537"},{"taxonomy":"post_tag","embeddable":true,"href":"https:\/\/red.antropologiadelcuerpo.com\/index.php\/wp-json\/wp\/v2\/tags?post=6537"}],"curies":[{"name":"wp","href":"https:\/\/api.w.org\/{rel}","templated":true}]}}