{"id":6504,"date":"2022-11-21T17:47:32","date_gmt":"2022-11-21T20:47:32","guid":{"rendered":"https:\/\/red.antropologiadelcuerpo.com\/?p=6504"},"modified":"2022-11-21T18:42:05","modified_gmt":"2022-11-21T21:42:05","slug":"se-transmite-la-sesion-de-cierre-del-seminario-permanente-de-corporalidades-29-de-noviembre","status":"publish","type":"post","link":"https:\/\/red.antropologiadelcuerpo.com\/index.php\/se-transmite-la-sesion-de-cierre-del-seminario-permanente-de-corporalidades-29-de-noviembre\/","title":{"rendered":"Se transmite la sesi\u00f3n de cierre del Seminario Permanente de Corporalidades, 29 de noviembre"},"content":{"rendered":"\n<p><img loading=\"lazy\" decoding=\"async\" class=\"aligncenter\" src=\"https:\/\/red.antropologiadelcuerpo.com\/wp-content\/uploads\/SESION-CLAUSURA-SEPCORP-2022-1-e1669063344870.png\" alt=\"\" width=\"1024\" height=\"1365\"><\/p>\n<p>La transmisi\u00f3n podr\u00e1 seguirse por Facebook el martes 29 de noviembre a las 12:00 (horario de M\u00e9xico\/Colmbia), 14 hs hora de Argentina.&nbsp;<\/p>\n<p><div class=\"ose- ose-uid-c1525622abd6fd5cde7c54b73ec07867 ose-embedpress-responsive\" style=\"width:600px; height:550px; max-height:550px; max-width:100%; display:inline-block;\" data-embed-type=\"Facebook\"><iframe loading=\"lazy\" allowFullScreen=\"true\" class=\"embera-facebook-iframe-c1525\" src=\"https:\/\/www.facebook.com\/plugins\/post.php?href=https%3A%2F%2Fwww.facebook.com%2Fciesasoccidente&width=600&height=550&show_text=true\" width=\"600\" height=\"550\" style=\"border:none;overflow:hidden\" scrolling=\"no\" frameborder=\"0\" allowTransparency=\"true\"><\/iframe><\/div><\/p>\n<p>&nbsp;<\/p>\n","protected":false},"excerpt":{"rendered":"<p>La transmisi\u00f3n podr\u00e1 seguirse por Facebook el martes 29 de noviembre a las 12:00 (horario de M\u00e9xico\/Colmbia), 14 hs hora de Argentina.&nbsp; &nbsp;<\/p>\n","protected":false},"author":1,"featured_media":0,"comment_status":"closed","ping_status":"open","sticky":false,"template":"","format":"standard","meta":{"ngg_post_thumbnail":0,"footnotes":""},"categories":[334],"tags":[],"class_list":["post-6504","post","type-post","status-publish","format-standard","hentry","category-conferencias"],"_links":{"self":[{"href":"https:\/\/red.antropologiadelcuerpo.com\/index.php\/wp-json\/wp\/v2\/posts\/6504","targetHints":{"allow":["GET"]}}],"collection":[{"href":"https:\/\/red.antropologiadelcuerpo.com\/index.php\/wp-json\/wp\/v2\/posts"}],"about":[{"href":"https:\/\/red.antropologiadelcuerpo.com\/index.php\/wp-json\/wp\/v2\/types\/post"}],"author":[{"embeddable":true,"href":"https:\/\/red.antropologiadelcuerpo.com\/index.php\/wp-json\/wp\/v2\/users\/1"}],"replies":[{"embeddable":true,"href":"https:\/\/red.antropologiadelcuerpo.com\/index.php\/wp-json\/wp\/v2\/comments?post=6504"}],"version-history":[{"count":3,"href":"https:\/\/red.antropologiadelcuerpo.com\/index.php\/wp-json\/wp\/v2\/posts\/6504\/revisions"}],"predecessor-version":[{"id":6513,"href":"https:\/\/red.antropologiadelcuerpo.com\/index.php\/wp-json\/wp\/v2\/posts\/6504\/revisions\/6513"}],"wp:attachment":[{"href":"https:\/\/red.antropologiadelcuerpo.com\/index.php\/wp-json\/wp\/v2\/media?parent=6504"}],"wp:term":[{"taxonomy":"category","embeddable":true,"href":"https:\/\/red.antropologiadelcuerpo.com\/index.php\/wp-json\/wp\/v2\/categories?post=6504"},{"taxonomy":"post_tag","embeddable":true,"href":"https:\/\/red.antropologiadelcuerpo.com\/index.php\/wp-json\/wp\/v2\/tags?post=6504"}],"curies":[{"name":"wp","href":"https:\/\/api.w.org\/{rel}","templated":true}]}}