{"id":6232,"date":"2021-02-10T00:19:58","date_gmt":"2021-02-10T03:19:58","guid":{"rendered":"http:\/\/red.antropologiadelcuerpo.com\/?p=6232"},"modified":"2021-04-04T00:22:19","modified_gmt":"2021-04-04T03:22:19","slug":"patricia-chavarelli-vilela-da-silva","status":"publish","type":"post","link":"https:\/\/red.antropologiadelcuerpo.com\/index.php\/patricia-chavarelli-vilela-da-silva\/","title":{"rendered":"Patr\u00edcia Chavarelli Vilela da Silva"},"content":{"rendered":"<p>Doutoranda em Educa\u00e7\u00e3o no Programa de P\u00f3s-gradua\u00e7\u00e3o em Educa\u00e7\u00e3o da<br \/>\nFACED\/UFU. Mestrado em Artes Visuais pela Universidad Internacional Tres<br \/>\nFronteras, PY; com convalida\u00e7\u00e3o pela UFU. Especializa\u00e7\u00e3o em Gerontologia pela Faculdade INESP.<\/p>\n<p>Licenciada e Bacharel em Dan\u00e7a pela Universidade Federal de<br \/>\nVi\u00e7osa. Professora na Universidade Federal de Uberl\u00e2ndia &#8211; UFU, no curso de<br \/>\ngradua\u00e7\u00e3o em dan\u00e7a, desde setembro de 2011 (efetiva desde jul\/2013). Membro do N\u00facleo de Estudos de Improvisa\u00e7\u00e3o em Dan\u00e7a (NEID) e do N\u00facleo art\u00edstico Substantivo Coletivo. Desenvolve a\u00e7\u00e3o de extens\u00e3o junto a Universidade Amiga do Idoso\/UFU\/MG. Membro do BANDO \u2013 Grupo de Estudos sobre Improvisa\u00e7\u00e3o em Dan\u00e7a. Desenvolve atividades de Ensino,<\/p>\n<p>Pesquisa e Extens\u00e3o nas seguintes \u00e1reas:<br \/>\ndan\u00e7a, educa\u00e7\u00e3o som\u00e1tica, educa\u00e7\u00e3o (dan\u00e7a na escola), improvisa\u00e7\u00e3o, composi\u00e7\u00e3o em tempo real, gerontologia. <!--more-->Contacto: patychavarelli@yahoo.com.br &#8211; patychavarelli@gmail.com<\/p>\n<p>P\u00e1ginas web:<br \/>\n<a href=\"https:\/\/substantivocoletivo.com.br\/\" target=\"_blank\" rel=\"noopener noreferrer\">https:\/\/substantivocoletivo.com.br\/<\/a><br \/>\n<a href=\"https:\/\/bandodeimproviso.wordpress.com\/blog\/\" target=\"_blank\" rel=\"noopener noreferrer\">https:\/\/bandodeimproviso.wordpress.com\/blog\/<\/a><\/p>\n<p><strong>Publica\u00e7\u00f5es:<\/strong><br \/>\nhttps:\/\/substantivocoletivo.com.br\/index.php\/artigos\/<br \/>\nhttps:\/\/substantivocoletivo.com.br\/index.php\/livros\/<\/p>\n<p>Cap\u00edtulo de E-book:<br \/>\nSilva, P. C., &amp;amp; Telles, N. (2020). Improvisa\u00e7\u00e3o: acontecimento po\u00e9tico na cena. Em J.<br \/>\nS. Ramos, &amp;amp; L. M. Arslan, Improvisa\u00e7\u00e3o em dan\u00e7a : cria\u00e7\u00e3o, composi\u00e7\u00e3o e<br \/>\nperformatividade (pp. 29-42). Uberl\u00e2ndia, Minas Gerais, Brasil: Reg\u00eancia e Arte<br \/>\nEditora.<br \/>\nCapa\/tapa: anexo 1<br \/>\nDispon\u00edvel em:<\/p>\n<p><div class=\"ose-google-drive ose-uid-302c62221ca713f0ac656c8776c199b3 ose-embedpress-responsive\" style=\"width:600px; height:550px; max-height:550px; max-width:100%; display:inline-block;\" data-embed-type=\"GoogleDrive\"><iframe loading=\"lazy\" allowFullScreen=\"true\" title=\"\"  width=\"600\" height=\"550\" src=\"https:\/\/drive.google.com\/file\/d\/1kNz89pbFi-X5OMZObDm3paAekxIss_Iq\/preview\" ><\/iframe><\/div><\/p>\n<p>Cap\u00edtulo de Livro (impresso e digital):<br \/>\nSilva, P. C. (2017). Projeto Corpo e(m) Movimento &#8211; a crian\u00e7a e a composi\u00e7\u00e3o em tempo real. Em A. C. Mundim, <a href=\"https:\/\/red.antropologiadelcuerpo.com\/wp-content\/uploads\/Comprov-Artigo-2017-Pat-1a-converted.pdf\" target=\"_blank\" rel=\"noopener noreferrer\">Abordagens sobre improvisa\u00e7\u00e3o em dan\u00e7a<\/a><br \/>\ncontempor\u00e2nea (pp. 55-71). Uberl\u00e2ndia, Mina Gerais, Brasil: Composer.<br \/>\nDispon\u00edvel em:<br \/>\nhttps:\/\/issuu.com\/nasalacomaninha\/docs\/abordagens_sobre_improvisa__o_em_da<\/p>\n<p><a href=\"https:\/\/issuu.com\/nasalacomaninha\/docs\/abordagens_sobre_improvisa__o_em_da\" target=\"_blank\" rel=\"noopener noreferrer\"><img loading=\"lazy\" decoding=\"async\" class=\"alignnone size-full wp-image-6233\" src=\"https:\/\/red.antropologiadelcuerpo.com\/wp-content\/uploads\/improvisacion-danza.jpg\" alt=\"\" width=\"567\" height=\"802\" srcset=\"https:\/\/red.antropologiadelcuerpo.com\/wp-content\/uploads\/improvisacion-danza.jpg 567w, https:\/\/red.antropologiadelcuerpo.com\/wp-content\/uploads\/improvisacion-danza-212x300.jpg 212w\" sizes=\"auto, (max-width: 567px) 100vw, 567px\" \/><\/a><\/p>\n","protected":false},"excerpt":{"rendered":"<p>Doutoranda em Educa\u00e7\u00e3o no Programa de P\u00f3s-gradua\u00e7\u00e3o em Educa\u00e7\u00e3o da FACED\/UFU. Mestrado em Artes Visuais pela Universidad Internacional Tres Fronteras, PY; com convalida\u00e7\u00e3o pela UFU. Especializa\u00e7\u00e3o em Gerontologia pela Faculdade INESP. Licenciada e Bacharel em Dan\u00e7a pela Universidade Federal de Vi\u00e7osa. Professora na Universidade Federal de Uberl\u00e2ndia &#8211; UFU, no curso de gradua\u00e7\u00e3o em dan\u00e7a, &hellip; <\/p>\n<p class=\"link-more\"><a href=\"https:\/\/red.antropologiadelcuerpo.com\/index.php\/patricia-chavarelli-vilela-da-silva\/\" class=\"more-link\">Continuar leyendo<span class=\"screen-reader-text\"> \u00abPatr\u00edcia Chavarelli Vilela da Silva\u00bb<\/span><\/a><\/p>\n","protected":false},"author":3,"featured_media":0,"comment_status":"closed","ping_status":"open","sticky":false,"template":"","format":"standard","meta":{"ngg_post_thumbnail":0,"footnotes":""},"categories":[21,7],"tags":[892,179,895,894,893],"class_list":["post-6232","post","type-post","status-publish","format-standard","hentry","category-brasil","category-investigadores","tag-danca","tag-educacao","tag-envelhecimento","tag-improvisacao-composicao-em-tempo-real","tag-praticas-somaticas"],"_links":{"self":[{"href":"https:\/\/red.antropologiadelcuerpo.com\/index.php\/wp-json\/wp\/v2\/posts\/6232","targetHints":{"allow":["GET"]}}],"collection":[{"href":"https:\/\/red.antropologiadelcuerpo.com\/index.php\/wp-json\/wp\/v2\/posts"}],"about":[{"href":"https:\/\/red.antropologiadelcuerpo.com\/index.php\/wp-json\/wp\/v2\/types\/post"}],"author":[{"embeddable":true,"href":"https:\/\/red.antropologiadelcuerpo.com\/index.php\/wp-json\/wp\/v2\/users\/3"}],"replies":[{"embeddable":true,"href":"https:\/\/red.antropologiadelcuerpo.com\/index.php\/wp-json\/wp\/v2\/comments?post=6232"}],"version-history":[{"count":2,"href":"https:\/\/red.antropologiadelcuerpo.com\/index.php\/wp-json\/wp\/v2\/posts\/6232\/revisions"}],"predecessor-version":[{"id":6236,"href":"https:\/\/red.antropologiadelcuerpo.com\/index.php\/wp-json\/wp\/v2\/posts\/6232\/revisions\/6236"}],"wp:attachment":[{"href":"https:\/\/red.antropologiadelcuerpo.com\/index.php\/wp-json\/wp\/v2\/media?parent=6232"}],"wp:term":[{"taxonomy":"category","embeddable":true,"href":"https:\/\/red.antropologiadelcuerpo.com\/index.php\/wp-json\/wp\/v2\/categories?post=6232"},{"taxonomy":"post_tag","embeddable":true,"href":"https:\/\/red.antropologiadelcuerpo.com\/index.php\/wp-json\/wp\/v2\/tags?post=6232"}],"curies":[{"name":"wp","href":"https:\/\/api.w.org\/{rel}","templated":true}]}}