{"id":6185,"date":"2020-12-10T13:30:40","date_gmt":"2020-12-10T16:30:40","guid":{"rendered":"http:\/\/red.antropologiadelcuerpo.com\/?p=6185"},"modified":"2020-12-12T14:11:42","modified_gmt":"2020-12-12T17:11:42","slug":"rousejanny-da-silva-ferreira-2","status":"publish","type":"post","link":"https:\/\/red.antropologiadelcuerpo.com\/index.php\/rousejanny-da-silva-ferreira-2\/","title":{"rendered":"Rousejanny da Silva Ferreira"},"content":{"rendered":"<p>Docente de la Licenciatura en Danza y del M\u00e1ster Profesional en Artes.<br \/>\nProfiArtes en el Instituto Federal de Goi\u00e1s (Instituto Federal de Goi\u00e1s &#8211; IFG).<\/p>\n<p>Coordina proyectos de investigaci\u00f3n en Danza corporal compuesta y ballet de la reuni\u00f3n en la misma instituci\u00f3n.<\/p>\n<p>Editor en jefe de la revista cient\u00edfica en artes \u00abIncom\u00fan\u00bb.<br \/>\nActualmente doctoranda en Artes en la Universidad Nacional de las Artes (UNA, Argentina). Master en Performances Culturales (UFG) con especializaci\u00f3n en Filosof\u00eda del Arte (IFITEG\/UEG), especializaci\u00f3n en Pedagog\u00eda de Danza (PUC\/GO) y graduaci\u00f3n en Educaci\u00f3n F\u00edsica (UEG).<br \/>\nCoordin\u00f3 los cursos de grado de danza del Instituto Federal de Brasilia &#8211; IFB y IFB-GDF Programa de Segundo Grado de Danza en el a\u00f1os 2012-2013 y fue profesora de danza en la red estatal de educaci\u00f3n de la prov\u00edncia de Goi\u00e1s entre 2006 y 2011.<!--more--><\/p>\n<p>Contacto: rousedance.ferreira@gmail.com<\/p>\n<p><a href=\"https:\/\/red.antropologiadelcuerpo.com\/wp-content\/uploads\/foto-livro.jpeg\"><img loading=\"lazy\" decoding=\"async\" class=\"alignnone size-full wp-image-6187\" src=\"https:\/\/red.antropologiadelcuerpo.com\/wp-content\/uploads\/foto-livro.jpeg\" alt=\"\" width=\"654\" height=\"933\" srcset=\"https:\/\/red.antropologiadelcuerpo.com\/wp-content\/uploads\/foto-livro.jpeg 654w, https:\/\/red.antropologiadelcuerpo.com\/wp-content\/uploads\/foto-livro-210x300.jpeg 210w\" sizes=\"auto, (max-width: 654px) 100vw, 654px\" \/><\/a> <a href=\"https:\/\/red.antropologiadelcuerpo.com\/wp-content\/uploads\/bale-sobre-outros-eixos.jpg\"><img loading=\"lazy\" decoding=\"async\" class=\"alignnone size-full wp-image-6188\" src=\"https:\/\/red.antropologiadelcuerpo.com\/wp-content\/uploads\/bale-sobre-outros-eixos.jpg\" alt=\"\" width=\"1000\" height=\"1000\" srcset=\"https:\/\/red.antropologiadelcuerpo.com\/wp-content\/uploads\/bale-sobre-outros-eixos.jpg 1000w, https:\/\/red.antropologiadelcuerpo.com\/wp-content\/uploads\/bale-sobre-outros-eixos-300x300.jpg 300w, https:\/\/red.antropologiadelcuerpo.com\/wp-content\/uploads\/bale-sobre-outros-eixos-150x150.jpg 150w, https:\/\/red.antropologiadelcuerpo.com\/wp-content\/uploads\/bale-sobre-outros-eixos-768x768.jpg 768w, https:\/\/red.antropologiadelcuerpo.com\/wp-content\/uploads\/bale-sobre-outros-eixos-100x100.jpg 100w\" sizes=\"auto, (max-width: 767px) 89vw, (max-width: 1000px) 54vw, (max-width: 1071px) 543px, 580px\" \/><\/a> <a href=\"https:\/\/red.antropologiadelcuerpo.com\/wp-content\/uploads\/capa-livro-juventude.png\"><img loading=\"lazy\" decoding=\"async\" class=\"alignnone size-full wp-image-6189\" src=\"https:\/\/red.antropologiadelcuerpo.com\/wp-content\/uploads\/capa-livro-juventude.png\" alt=\"\" width=\"1080\" height=\"1080\" srcset=\"https:\/\/red.antropologiadelcuerpo.com\/wp-content\/uploads\/capa-livro-juventude.png 1080w, https:\/\/red.antropologiadelcuerpo.com\/wp-content\/uploads\/capa-livro-juventude-300x300.png 300w, https:\/\/red.antropologiadelcuerpo.com\/wp-content\/uploads\/capa-livro-juventude-1024x1024.png 1024w, https:\/\/red.antropologiadelcuerpo.com\/wp-content\/uploads\/capa-livro-juventude-150x150.png 150w, https:\/\/red.antropologiadelcuerpo.com\/wp-content\/uploads\/capa-livro-juventude-768x768.png 768w, https:\/\/red.antropologiadelcuerpo.com\/wp-content\/uploads\/capa-livro-juventude-100x100.png 100w\" sizes=\"auto, (max-width: 767px) 89vw, (max-width: 1000px) 54vw, (max-width: 1071px) 543px, 580px\" \/><\/a><\/p>\n","protected":false},"excerpt":{"rendered":"<p>Docente de la Licenciatura en Danza y del M\u00e1ster Profesional en Artes. ProfiArtes en el Instituto Federal de Goi\u00e1s (Instituto Federal de Goi\u00e1s &#8211; IFG). Coordina proyectos de investigaci\u00f3n en Danza corporal compuesta y ballet de la reuni\u00f3n en la misma instituci\u00f3n. Editor en jefe de la revista cient\u00edfica en artes \u00abIncom\u00fan\u00bb. Actualmente doctoranda en &hellip; <\/p>\n<p class=\"link-more\"><a href=\"https:\/\/red.antropologiadelcuerpo.com\/index.php\/rousejanny-da-silva-ferreira-2\/\" class=\"more-link\">Continuar leyendo<span class=\"screen-reader-text\"> \u00abRousejanny da Silva Ferreira\u00bb<\/span><\/a><\/p>\n","protected":false},"author":3,"featured_media":0,"comment_status":"closed","ping_status":"open","sticky":false,"template":"","format":"standard","meta":{"ngg_post_thumbnail":0,"footnotes":""},"categories":[21,7],"tags":[343,887,258],"class_list":["post-6185","post","type-post","status-publish","format-standard","hentry","category-brasil","category-investigadores","tag-bale","tag-culturas","tag-politicas"],"_links":{"self":[{"href":"https:\/\/red.antropologiadelcuerpo.com\/index.php\/wp-json\/wp\/v2\/posts\/6185","targetHints":{"allow":["GET"]}}],"collection":[{"href":"https:\/\/red.antropologiadelcuerpo.com\/index.php\/wp-json\/wp\/v2\/posts"}],"about":[{"href":"https:\/\/red.antropologiadelcuerpo.com\/index.php\/wp-json\/wp\/v2\/types\/post"}],"author":[{"embeddable":true,"href":"https:\/\/red.antropologiadelcuerpo.com\/index.php\/wp-json\/wp\/v2\/users\/3"}],"replies":[{"embeddable":true,"href":"https:\/\/red.antropologiadelcuerpo.com\/index.php\/wp-json\/wp\/v2\/comments?post=6185"}],"version-history":[{"count":3,"href":"https:\/\/red.antropologiadelcuerpo.com\/index.php\/wp-json\/wp\/v2\/posts\/6185\/revisions"}],"predecessor-version":[{"id":6191,"href":"https:\/\/red.antropologiadelcuerpo.com\/index.php\/wp-json\/wp\/v2\/posts\/6185\/revisions\/6191"}],"wp:attachment":[{"href":"https:\/\/red.antropologiadelcuerpo.com\/index.php\/wp-json\/wp\/v2\/media?parent=6185"}],"wp:term":[{"taxonomy":"category","embeddable":true,"href":"https:\/\/red.antropologiadelcuerpo.com\/index.php\/wp-json\/wp\/v2\/categories?post=6185"},{"taxonomy":"post_tag","embeddable":true,"href":"https:\/\/red.antropologiadelcuerpo.com\/index.php\/wp-json\/wp\/v2\/tags?post=6185"}],"curies":[{"name":"wp","href":"https:\/\/api.w.org\/{rel}","templated":true}]}}