{"id":6061,"date":"2020-05-31T23:52:51","date_gmt":"2020-06-01T02:52:51","guid":{"rendered":"http:\/\/red.antropologiadelcuerpo.com\/?p=6061"},"modified":"2020-07-25T23:55:31","modified_gmt":"2020-07-26T02:55:31","slug":"ainhoa-suarez-gomez","status":"publish","type":"post","link":"https:\/\/red.antropologiadelcuerpo.com\/index.php\/ainhoa-suarez-gomez\/","title":{"rendered":"Ainhoa Su\u00e1rez G\u00f3mez"},"content":{"rendered":"<p>Licenciada en Historia por la Uiversidad Nacional Aut\u00f3noma de M\u00e9xico (UNAM), maestra en Pensmaiento Contempor\u00e1neo y Teor\u00eda Cr\u00edtica por Kingston University London y candidata a doctora en Filosof\u00eda por el Centre for Research in Modern European Philosophy (CRMEP) de esta misma instituci\u00f3n.<\/p>\n<p>Actualmente realiza una investigaci\u00f3n sobre el silencio, el lenguaje y el cuerpo en un proyecto en el que se etrelaza la filosof\u00eda francesa y la est\u00e9tica contempor\u00e1nea. <!--more--><\/p>\n<p>Ha ofrecido ponencias en foros y universidades de M\u00e9xico, Reino Unido y Canad\u00e1 relacionadas con sus l\u00edneas de trabajo: filosof\u00eda, teor\u00eda cr\u00edtica, teor\u00eda del arte, est\u00e9tica e historia. Es escritora de ensayos literarios, mismos que se han publicado en revistas digitales e impresas. Fue becaria del programa J\u00f3venes Creadores del Fondo Nacional para la Cultura y las Artes (FONCA) en el \u00e1rea de ensayo creativ0 (2016-17). Ha sido acreedora de la beca de excelencia Fundaci\u00f3n UNAM-Alfredo Harp Calderoni (2012), la Santander Universities Masters Scholarship (2014), la Beca O\u2019Gorman de investigaci\u00f3n para j\u00f3venes en teor\u00eda de la historia (2018), as\u00ed como la beca conjunta CONACYT-FONCA para estudios en el extranjero (2018), entre otras.<\/p>\n<p>Contacto: ainhoasuarezgomez@gmaill.com<\/p>\n","protected":false},"excerpt":{"rendered":"<p>Licenciada en Historia por la Uiversidad Nacional Aut\u00f3noma de M\u00e9xico (UNAM), maestra en Pensmaiento Contempor\u00e1neo y Teor\u00eda Cr\u00edtica por Kingston University London y candidata a doctora en Filosof\u00eda por el Centre for Research in Modern European Philosophy (CRMEP) de esta misma instituci\u00f3n. Actualmente realiza una investigaci\u00f3n sobre el silencio, el lenguaje y el cuerpo en &hellip; <\/p>\n<p class=\"link-more\"><a href=\"https:\/\/red.antropologiadelcuerpo.com\/index.php\/ainhoa-suarez-gomez\/\" class=\"more-link\">Continuar leyendo<span class=\"screen-reader-text\"> \u00abAinhoa Su\u00e1rez G\u00f3mez\u00bb<\/span><\/a><\/p>\n","protected":false},"author":3,"featured_media":0,"comment_status":"closed","ping_status":"open","sticky":false,"template":"","format":"standard","meta":{"ngg_post_thumbnail":0,"footnotes":""},"categories":[7,9],"tags":[26,871,147,870],"class_list":["post-6061","post","type-post","status-publish","format-standard","hentry","category-investigadores","category-mexico","tag-cuerpo","tag-gesto","tag-lenguaje","tag-silencio"],"_links":{"self":[{"href":"https:\/\/red.antropologiadelcuerpo.com\/index.php\/wp-json\/wp\/v2\/posts\/6061","targetHints":{"allow":["GET"]}}],"collection":[{"href":"https:\/\/red.antropologiadelcuerpo.com\/index.php\/wp-json\/wp\/v2\/posts"}],"about":[{"href":"https:\/\/red.antropologiadelcuerpo.com\/index.php\/wp-json\/wp\/v2\/types\/post"}],"author":[{"embeddable":true,"href":"https:\/\/red.antropologiadelcuerpo.com\/index.php\/wp-json\/wp\/v2\/users\/3"}],"replies":[{"embeddable":true,"href":"https:\/\/red.antropologiadelcuerpo.com\/index.php\/wp-json\/wp\/v2\/comments?post=6061"}],"version-history":[{"count":1,"href":"https:\/\/red.antropologiadelcuerpo.com\/index.php\/wp-json\/wp\/v2\/posts\/6061\/revisions"}],"predecessor-version":[{"id":6062,"href":"https:\/\/red.antropologiadelcuerpo.com\/index.php\/wp-json\/wp\/v2\/posts\/6061\/revisions\/6062"}],"wp:attachment":[{"href":"https:\/\/red.antropologiadelcuerpo.com\/index.php\/wp-json\/wp\/v2\/media?parent=6061"}],"wp:term":[{"taxonomy":"category","embeddable":true,"href":"https:\/\/red.antropologiadelcuerpo.com\/index.php\/wp-json\/wp\/v2\/categories?post=6061"},{"taxonomy":"post_tag","embeddable":true,"href":"https:\/\/red.antropologiadelcuerpo.com\/index.php\/wp-json\/wp\/v2\/tags?post=6061"}],"curies":[{"name":"wp","href":"https:\/\/api.w.org\/{rel}","templated":true}]}}