{"id":5901,"date":"2019-11-22T19:40:27","date_gmt":"2019-11-22T22:40:27","guid":{"rendered":"http:\/\/red.antropologiadelcuerpo.com\/?p=5901"},"modified":"2019-11-22T19:40:27","modified_gmt":"2019-11-22T22:40:27","slug":"cierre-de-la-convocatoria-al-vi-congreso-de-la-asociacion-latinoamericana-de-antropologia","status":"publish","type":"post","link":"https:\/\/red.antropologiadelcuerpo.com\/index.php\/cierre-de-la-convocatoria-al-vi-congreso-de-la-asociacion-latinoamericana-de-antropologia\/","title":{"rendered":"Cierre de la Convocatoria al VI Congreso de la Asociaci\u00f3n Latinoamericana de Antropolog\u00eda"},"content":{"rendered":"<div><b><span style=\"font-size: large;\">Cierre de la Convocatoria al VI Congreso de la Asociaci\u00f3n Latinoamericana de Antropolog\u00eda<\/span><\/b><\/div>\n<div><b><span style=\"font-size: large;\">Desaf\u00edos Emergentes: Antropolog\u00edas desde Am\u00e9rica Latina y el Caribe<\/span><\/b><\/div>\n<div>Del 24 al 27 de noviembre de 2020,<\/div>\n<div>Montevideo, Uruguay<\/div>\n<div>&nbsp;<\/div>\n<div>El <b>30 de noviembre de 2019<\/b> cierra la convocatoria para <b>inscribir propuestas de SIMPOSIOS y MESAS REDONDAS<\/b><i>&nbsp;<\/i>al VI Congreso de la Asociaci\u00f3n Latinoamericana de Antropolog\u00eda \u00abDesaf\u00edos Emergentes: Antropolog\u00edas desde Am\u00e9rica Latina y el Caribe\u00bb que se llevar\u00e1 a cabo del 24 al 27 de noviembre de 2020 en Montevideo, Uruguay.&nbsp;<\/div>\n<div>&nbsp;<\/div>\n<div>La convocatoria completa con la informaci\u00f3n para inscribir simposios y mesas redondas se encuentra en el siguiente enlace:&nbsp;<b><a href=\"http:\/\/bit.ly\/CongresoALA1a\" target=\"_blank\" rel=\"noopener noreferrer\" data-saferedirecturl=\"https:\/\/www.google.com\/url?q=http:\/\/bit.ly\/CongresoALA1a&amp;source=gmail&amp;ust=1574548481632000&amp;usg=AFQjCNHGMe4eikDK7B0dyTvRulLCbcpAzA\">http:\/\/bit.ly\/<wbr>CongresoALA1a<\/a>&nbsp;<\/b><\/div>\n<div>&nbsp;<\/div>\n<div>La aceptaci\u00f3n de propuestas de simposios y mesas redondas se dar\u00e1 a conocer a partir del <b>15 de diciembre de 2019<\/b>.<\/div>\n<div>&nbsp;<\/div>\n<div>Las personas interesadas en <b>presentar propuestas de ponencias individuales<\/b>&nbsp;les recordamos que la convocatoria estar\u00e1 abierta del <b>6 de enero<\/b> al <b>3 de abril de 2020<\/b>. La informaci\u00f3n de esta convocatoria circular\u00e1 por correo electr\u00f3nico, medios sociales y se colocar\u00e1 en la p\u00e1gina del congreso<span style=\"color: #000000;\">:&nbsp;<b> <a href=\"https:\/\/ala2020.com.uy\/\" target=\"_blank\" rel=\"noopener noreferrer\" data-saferedirecturl=\"https:\/\/www.google.com\/url?q=https:\/\/ala2020.com.uy\/&amp;source=gmail&amp;ust=1574548481632000&amp;usg=AFQjCNHCZVM5afMn0J9qboDR6ypLW0540A\">https:\/\/ala2020.com.uy\/<\/a>&nbsp;&nbsp;&nbsp;<\/b><\/span><br clear=\"all\"><\/p>\n<div>&nbsp;<\/div>\n<div>\u00a1Les esperamos en Montevideo en 2020!<\/div>\n<div>&nbsp;<\/div>\n<div>Comit\u00e9 Ejecutivo<\/div>\n<div>VI Congreso de la Asociaci\u00f3n Latinoamericana de Antropolog\u00eda<\/div>\n<div class=\"yj6qo ajU\">\n<div id=\":po\" class=\"ajR\" tabindex=\"0\" role=\"button\" data-tooltip=\"Mostrar contenido reducido\" aria-label=\"Mostrar contenido reducido\" aria-expanded=\"false\"><img decoding=\"async\" class=\"ajT\" src=\"https:\/\/ssl.gstatic.com\/ui\/v1\/icons\/mail\/images\/cleardot.gif\"><\/div>\n<\/div>\n<\/div>\n","protected":false},"excerpt":{"rendered":"<p>Cierre de la Convocatoria al VI Congreso de la Asociaci\u00f3n Latinoamericana de Antropolog\u00eda Desaf\u00edos Emergentes: Antropolog\u00edas desde Am\u00e9rica Latina y el Caribe Del 24 al 27 de noviembre de 2020, Montevideo, Uruguay &nbsp; El 30 de noviembre de 2019 cierra la convocatoria para inscribir propuestas de SIMPOSIOS y MESAS REDONDAS&nbsp;al VI Congreso de la Asociaci\u00f3n &hellip; <\/p>\n<p class=\"link-more\"><a href=\"https:\/\/red.antropologiadelcuerpo.com\/index.php\/cierre-de-la-convocatoria-al-vi-congreso-de-la-asociacion-latinoamericana-de-antropologia\/\" class=\"more-link\">Continuar leyendo<span class=\"screen-reader-text\"> \u00abCierre de la Convocatoria al VI Congreso de la Asociaci\u00f3n Latinoamericana de Antropolog\u00eda\u00bb<\/span><\/a><\/p>\n","protected":false},"author":3,"featured_media":0,"comment_status":"closed","ping_status":"open","sticky":false,"template":"","format":"standard","meta":{"ngg_post_thumbnail":0,"footnotes":""},"categories":[19],"tags":[817],"class_list":["post-5901","post","type-post","status-publish","format-standard","hentry","category-congresos","tag-ala-2020"],"_links":{"self":[{"href":"https:\/\/red.antropologiadelcuerpo.com\/index.php\/wp-json\/wp\/v2\/posts\/5901","targetHints":{"allow":["GET"]}}],"collection":[{"href":"https:\/\/red.antropologiadelcuerpo.com\/index.php\/wp-json\/wp\/v2\/posts"}],"about":[{"href":"https:\/\/red.antropologiadelcuerpo.com\/index.php\/wp-json\/wp\/v2\/types\/post"}],"author":[{"embeddable":true,"href":"https:\/\/red.antropologiadelcuerpo.com\/index.php\/wp-json\/wp\/v2\/users\/3"}],"replies":[{"embeddable":true,"href":"https:\/\/red.antropologiadelcuerpo.com\/index.php\/wp-json\/wp\/v2\/comments?post=5901"}],"version-history":[{"count":1,"href":"https:\/\/red.antropologiadelcuerpo.com\/index.php\/wp-json\/wp\/v2\/posts\/5901\/revisions"}],"predecessor-version":[{"id":5902,"href":"https:\/\/red.antropologiadelcuerpo.com\/index.php\/wp-json\/wp\/v2\/posts\/5901\/revisions\/5902"}],"wp:attachment":[{"href":"https:\/\/red.antropologiadelcuerpo.com\/index.php\/wp-json\/wp\/v2\/media?parent=5901"}],"wp:term":[{"taxonomy":"category","embeddable":true,"href":"https:\/\/red.antropologiadelcuerpo.com\/index.php\/wp-json\/wp\/v2\/categories?post=5901"},{"taxonomy":"post_tag","embeddable":true,"href":"https:\/\/red.antropologiadelcuerpo.com\/index.php\/wp-json\/wp\/v2\/tags?post=5901"}],"curies":[{"name":"wp","href":"https:\/\/api.w.org\/{rel}","templated":true}]}}