{"id":5709,"date":"2019-08-15T19:14:18","date_gmt":"2019-08-15T22:14:18","guid":{"rendered":"http:\/\/red.antropologiadelcuerpo.com\/?p=5709"},"modified":"2019-08-15T20:01:37","modified_gmt":"2019-08-15T23:01:37","slug":"mas-alla-de-los-cuerpos-el-tiempo-y-los-objetos-en-la-reunion-anual-de-etnologia-en-la-paz-bolivia","status":"publish","type":"post","link":"https:\/\/red.antropologiadelcuerpo.com\/index.php\/mas-alla-de-los-cuerpos-el-tiempo-y-los-objetos-en-la-reunion-anual-de-etnologia-en-la-paz-bolivia\/","title":{"rendered":"\u00abM\u00e1s all\u00e1 de los cuerpos, el tiempo y los objetos\u00bb en la Reuni\u00f3n Anual de Etnolog\u00eda en La Paz, Bolivia"},"content":{"rendered":"<div class=\"m_6698947707432911572_2cuy m_6698947707432911572_3dgx\">\n<div><a href=\"https:\/\/red.antropologiadelcuerpo.com\/wp-content\/uploads\/Ontolab-La-Paz.jpg\"><img loading=\"lazy\" decoding=\"async\" class=\"alignnone wp-image-5710\" src=\"https:\/\/red.antropologiadelcuerpo.com\/wp-content\/uploads\/Ontolab-La-Paz-300x208.jpg\" alt=\"\" width=\"500\" height=\"347\" srcset=\"https:\/\/red.antropologiadelcuerpo.com\/wp-content\/uploads\/Ontolab-La-Paz-300x208.jpg 300w, https:\/\/red.antropologiadelcuerpo.com\/wp-content\/uploads\/Ontolab-La-Paz-768x533.jpg 768w, https:\/\/red.antropologiadelcuerpo.com\/wp-content\/uploads\/Ontolab-La-Paz.jpg 960w\" sizes=\"auto, (max-width: 500px) 100vw, 500px\" \/><\/a><a class=\"page-title-action\" href=\"https:\/\/red.antropologiadelcuerpo.com\/wp-admin\/post-new.php\">A\u00f1adir nueva<\/a><\/div>\n<div class=\"m_6698947707432911572_1mj m_6698947707432911572_1mf\">Invitamos a la Reuni\u00f3n Anual de Etnolog\u00eda, en el MUSEF, en torno al \u00abCuerpo y los objetos\u00bb!!!!!!<\/div>\n<div>&nbsp;<\/div>\n<div class=\"m_6698947707432911572_1mj m_6698947707432911572_1mf\"><strong>RAE 2019, La Paz, Bolivia, del 19 al 23 de agosto.<\/strong><\/div>\n<\/div>\n<div class=\"m_6698947707432911572_2cuy m_6698947707432911572_3dgx\">\n<div>&nbsp;<\/div>\n<div>\n<div class=\"m_6698947707432911572_2cuy m_6698947707432911572_3dgx\">\n<div class=\"m_6698947707432911572_1mj m_6698947707432911572_1mf\">Mesa de trabajo<em> \u00abM\u00e1s all\u00e1 de los cuerpos, el tiempo y los objetos\u00bb<\/em>,&nbsp; que se presentar\u00e1 en la Sala N\u00fa\u00f1ez, los d\u00edas mi\u00e9rcoles, todo el d\u00eda, y jueves por la ma\u00f1ana; con trabajos de&nbsp; Mariela Silva, Alejandro Barrientos, Alejandra N\u00fa\u00f1ez del Prado, Gustavo Zelaya, Bernardo Rozo, Salvador Arano, Inti Portugal, Gabriela Behoteguy, Diego Dierks, Ramiro Juan Ascurrinaga, Iru Rodr\u00edguez, V\u00edctor Arando, Gary Mostajo, Daniel Vera, Violeta Salazar, Ramiro Bello, Luis Rodr\u00edguez y Juan Villanueva (Carrera de Antropolog\u00eda, Laboratorio de Estudios Ontol\u00f3gicos y Multiespecie &#8211; ONTOlab\/multiESP, y el Instituto de Investigaciones Antropol\u00f3gicas y Arqueol\u00f3gicas &#8211; IIAA).<\/div>\n<div>&nbsp;<\/div>\n<div>La cita es en el MUSEO NACIONAL DE ETNOGRAF\u00cdA Y FOLKLORE<br \/>\nLa Paz c. Ingavi N\u00ba 916 \u2013 Telf. (591-2)2408640 \u2013 2406446<br \/>\nrae@musef.org.bo musefrae@yahoo.com www.musef.org.bo<\/div>\n<\/div>\n<\/div>\n<\/div>\n<div>&nbsp;<\/div>\n<p><!--more--><\/p>\n<div><strong>Programa del encuentro<\/strong><\/div>\n<div>&nbsp;<\/div>\n<div>\n<div class=\"ose-wrapper ose-uid-af098051d025d4a613af5c7565df91aa ose-embedpress-responsive\" style=\"width:600px; height:550px; max-height:550px; max-width:100%; display:inline-block;\" data-embed-type=\"document_pdf\"><iframe loading=\"lazy\" allowFullScreen=\"true\" width=\"600\" height=\"550\" src=\"https:\/\/red.antropologiadelcuerpo.com\/wp-content\/uploads\/Triptico-RAE-2019.pdf\" > <\/iframe><\/div>\n<\/div>\n<div><a href=\"https:\/\/red.antropologiadelcuerpo.com\/wp-content\/uploads\/Triptico-RAE-2019.pdf\" target=\"_blank\" rel=\"noopener noreferrer\">Descargar el programa del encuentro RAE-2019<\/a><\/div>\n","protected":false},"excerpt":{"rendered":"<p>A\u00f1adir nueva Invitamos a la Reuni\u00f3n Anual de Etnolog\u00eda, en el MUSEF, en torno al \u00abCuerpo y los objetos\u00bb!!!!!! &nbsp; RAE 2019, La Paz, Bolivia, del 19 al 23 de agosto. &nbsp; Mesa de trabajo \u00abM\u00e1s all\u00e1 de los cuerpos, el tiempo y los objetos\u00bb,&nbsp; que se presentar\u00e1 en la Sala N\u00fa\u00f1ez, los d\u00edas mi\u00e9rcoles, &hellip; <\/p>\n<p class=\"link-more\"><a href=\"https:\/\/red.antropologiadelcuerpo.com\/index.php\/mas-alla-de-los-cuerpos-el-tiempo-y-los-objetos-en-la-reunion-anual-de-etnologia-en-la-paz-bolivia\/\" class=\"more-link\">Continuar leyendo<span class=\"screen-reader-text\"> \u00ab\u00abM\u00e1s all\u00e1 de los cuerpos, el tiempo y los objetos\u00bb en la Reuni\u00f3n Anual de Etnolog\u00eda en La Paz, Bolivia\u00bb<\/span><\/a><\/p>\n","protected":false},"author":3,"featured_media":0,"comment_status":"closed","ping_status":"open","sticky":false,"template":"","format":"standard","meta":{"ngg_post_thumbnail":0,"footnotes":""},"categories":[1],"tags":[798,741,799,128,797,800],"class_list":["post-5709","post","type-post","status-publish","format-standard","hentry","category-publicaciones","tag-bolivia","tag-cuerpos","tag-la-paz","tag-objetos","tag-rae-2019","tag-tiempos"],"_links":{"self":[{"href":"https:\/\/red.antropologiadelcuerpo.com\/index.php\/wp-json\/wp\/v2\/posts\/5709","targetHints":{"allow":["GET"]}}],"collection":[{"href":"https:\/\/red.antropologiadelcuerpo.com\/index.php\/wp-json\/wp\/v2\/posts"}],"about":[{"href":"https:\/\/red.antropologiadelcuerpo.com\/index.php\/wp-json\/wp\/v2\/types\/post"}],"author":[{"embeddable":true,"href":"https:\/\/red.antropologiadelcuerpo.com\/index.php\/wp-json\/wp\/v2\/users\/3"}],"replies":[{"embeddable":true,"href":"https:\/\/red.antropologiadelcuerpo.com\/index.php\/wp-json\/wp\/v2\/comments?post=5709"}],"version-history":[{"count":3,"href":"https:\/\/red.antropologiadelcuerpo.com\/index.php\/wp-json\/wp\/v2\/posts\/5709\/revisions"}],"predecessor-version":[{"id":5714,"href":"https:\/\/red.antropologiadelcuerpo.com\/index.php\/wp-json\/wp\/v2\/posts\/5709\/revisions\/5714"}],"wp:attachment":[{"href":"https:\/\/red.antropologiadelcuerpo.com\/index.php\/wp-json\/wp\/v2\/media?parent=5709"}],"wp:term":[{"taxonomy":"category","embeddable":true,"href":"https:\/\/red.antropologiadelcuerpo.com\/index.php\/wp-json\/wp\/v2\/categories?post=5709"},{"taxonomy":"post_tag","embeddable":true,"href":"https:\/\/red.antropologiadelcuerpo.com\/index.php\/wp-json\/wp\/v2\/tags?post=5709"}],"curies":[{"name":"wp","href":"https:\/\/api.w.org\/{rel}","templated":true}]}}