{"id":5650,"date":"2019-07-06T01:33:50","date_gmt":"2019-07-06T04:33:50","guid":{"rendered":"http:\/\/red.antropologiadelcuerpo.com\/?p=5650"},"modified":"2019-07-06T01:35:28","modified_gmt":"2019-07-06T04:35:28","slug":"invitamos-a-participar-en-el-dossier-corpoensenanzas-en-las-aulas-universitarias","status":"publish","type":"post","link":"https:\/\/red.antropologiadelcuerpo.com\/index.php\/invitamos-a-participar-en-el-dossier-corpoensenanzas-en-las-aulas-universitarias\/","title":{"rendered":"Invitamos a participar en el Dossier Corpoense\u00f1anzas en las aulas universitarias"},"content":{"rendered":"<div dir=\"\"><span style=\"font-size: medium;\">Estimadxs colegas,&nbsp;<\/span><\/div>\n<div dir=\"\"><span style=\"font-size: medium;\">&nbsp;<\/span><\/div>\n<div dir=\"\"><span style=\"font-size: medium;\">Lxs invitamos a enviar contribuciones al dossier titulado <span lang=\"ES-TRAD\">CORPOENSE\u00d1ANZAS EN LAS AULAS UNIVERSITARIAS: ABORDAJES DESDE AM\u00c9RICA LATINA,<\/span>&nbsp;&nbsp;que realizaremos en la Revista&nbsp;<span lang=\"ES-TRAD\"><span style=\"color: #26282a;\">CIENCIAS SOCIALES Y EDUCACI\u00d3N, de la Universidad de Medell\u00edn, y que contar\u00e1 con el auspicio de la <\/span><i>Red de investigaci\u00f3n de y desde los cuerpos<\/i><span style=\"color: #26282a;\">.&nbsp;<\/span><\/span><\/span><\/div>\n<div dir=\"\"><span style=\"font-size: medium;\"><span lang=\"ES-TRAD\"><span style=\"color: #000000;\">&nbsp;<\/span><\/span><\/span><\/div>\n<div dir=\"\"><span style=\"font-size: medium;\"><span lang=\"ES-TRAD\"><span style=\"color: #000000;\">Abajo les enviamos las normas <\/span>editoriales, cronograma<span style=\"color: #000000;\"> y sinopsis de la propuesta.<\/span><\/span><\/span><\/div>\n<div class=\"m_1437015685471239772ydpd7837422signature\">\n<div>\n<div class=\"m_1437015685471239772ydpceb3edcfMsoNormal m_1437015685471239772ydpceb3edcfyui_3_2_0_2_133250374505943\" dir=\"ltr\">&nbsp;<\/div>\n<div class=\"m_1437015685471239772ydpceb3edcfMsoNormal m_1437015685471239772ydpceb3edcfyui_3_2_0_2_133250374505943\" dir=\"ltr\">Saludos cordiales y muchas gracias!<\/div>\n<div class=\"m_1437015685471239772ydpceb3edcfMsoNormal m_1437015685471239772ydpceb3edcfyui_3_2_0_2_133250374505943\">&nbsp;<\/div>\n<div class=\"m_1437015685471239772ydpceb3edcfMsoNormal m_1437015685471239772ydpceb3edcfyui_3_2_0_18_133250242023655\" dir=\"ltr\">Hilderman Cardona Rodas (UDEM, Colombia), Julia Castro (UDEA, Colombia),&nbsp; Silvia Citro (UBA, Argentina) y Manuela Rodr\u00edguez (UNR, Argentina)&nbsp;<\/div>\n<\/div>\n<div class=\"m_1437015685471239772ydpceb3edcfMsoNormal m_1437015685471239772ydpceb3edcfyui_3_2_0_18_133250242023655\" dir=\"ltr\">&nbsp;<\/div>\n<\/div>\n<p><!--more--><\/p>\n<div><b><span lang=\"ES-TRAD\">PROYECTO EDITORIAL<\/span><\/b><b><span lang=\"ES-TRAD\">&nbsp;DOSSIER REVISTA CIENCIAS SOCIALES Y EDUCACI\u00d3N&nbsp;<\/span><\/b><\/div>\n<div><b><span lang=\"ES-TRAD\">&nbsp;<\/span><\/b><\/div>\n<div><b><span lang=\"ES-TRAD\">CORPOENSE\u00d1ANZAS EN LAS AULAS UNIVERSITARIAS: ABORDAJES DESDE AM\u00c9RICA LATINA<\/span><\/b><\/div>\n<p class=\"m_1437015685471239772ydp241ffc45yiv7247091959xdefault\" align=\"center\"><b><span lang=\"ES-TRAD\">&nbsp;<\/span><\/b><\/p>\n<div dir=\"ltr\">\n<div dir=\"ltr\"><span lang=\"ES-CO\"><b>Sinopsis: <\/b>El objetivo de este dossier es cartografiar diferentes pr\u00e1cticas de ense\u00f1anza en educaci\u00f3n superior en Am\u00e9rica Latina, que se caractericen por revalorizar las corporalidades y performances en la producci\u00f3n de saberes disciplinares, pedag\u00f3gicos y del propio docente, con el fin de aportar a la construcci\u00f3n de heterotopias pedag\u00f3gicas que tensionen la mirada logocentrista predominante. <\/span><\/div>\n<\/div>\n<div><b><span lang=\"ES-TRAD\">Pautas para la presentaci\u00f3n de los textos<\/span><\/b><\/div>\n<p class=\"m_1437015685471239772ydp241ffc45yiv7247091959xdefault\" align=\"center\"><span lang=\"ES-TRAD\"> &nbsp;<\/span><\/p>\n<p class=\"m_1437015685471239772ydp241ffc45yiv7247091959xdefault\" align=\"center\"><b><span lang=\"ES-TRAD\">Los art\u00edculos deben presentarse teniendo en cuenta los siguientes requisitos de forma:<\/span><\/b><\/p>\n<p class=\"m_1437015685471239772ydp241ffc45yiv7247091959xdefault\"><span lang=\"ES-TRAD\">1.<\/span><span lang=\"ES-TRAD\">&nbsp;&nbsp;&nbsp;&nbsp;&nbsp;&nbsp;&nbsp;&nbsp;&nbsp;&nbsp;&nbsp;<span class=\"m_1437015685471239772ydp241ffc45yiv7247091959apple-converted-space\">&nbsp;<\/span><\/span><span lang=\"ES-TRAD\">Los textos deben derivar de trabajos de investigaci\u00f3n o incluirlo en un proyecto de investigaci\u00f3n en curso que involucre la relaci\u00f3n entre cuerpo-educaci\u00f3n-<wbr>perfomatividad (asociar el texto a alguna investigaci\u00f3n que el autor est\u00e9 realizando o haya realizado). Justo despu\u00e9s del t\u00edtulo, debe incluirse una nota a pie de p\u00e1gina donde se especifiquen los datos de la investigaci\u00f3n. <\/span><\/p>\n<p class=\"m_1437015685471239772ydp241ffc45yiv7247091959xdefault\"><span lang=\"ES-TRAD\">2.<\/span><span lang=\"ES-TRAD\">&nbsp;&nbsp;&nbsp;&nbsp;&nbsp;&nbsp;&nbsp;&nbsp;&nbsp;&nbsp;&nbsp;<span class=\"m_1437015685471239772ydp241ffc45yiv7247091959apple-converted-space\">&nbsp;<\/span><\/span><span lang=\"ES-TRAD\">El autor o los autores deben entregar una carta de autorizaci\u00f3n para publicar, reproducir, distribuir, exhibir y comunicarla en el pa\u00eds y en extranjero el texto de su autor\u00eda por parte de los sellos editoriales responsables del libro y la revista (se ofrece un modelo de carta).<\/span><\/p>\n<p class=\"m_1437015685471239772ydp241ffc45yiv7247091959xdefault\"><span lang=\"ES-TRAD\">3.<\/span><span lang=\"ES-TRAD\">&nbsp;&nbsp;&nbsp;&nbsp;&nbsp;&nbsp;&nbsp;&nbsp;&nbsp;&nbsp;&nbsp;<span class=\"m_1437015685471239772ydp241ffc45yiv7247091959apple-converted-space\">&nbsp;<\/span><\/span><span lang=\"ES-TRAD\">En caso de incluir im\u00e1genes en texto, el autor o autores deben entregar una carta de autorizaci\u00f3n utilizaci\u00f3n fotograf\u00edas e im\u00e1genes (se ofrece un modelo de carta).<\/span><\/p>\n<p class=\"m_1437015685471239772ydp241ffc45yiv7247091959xdefault\"><span lang=\"ES-TRAD\">4.<\/span><span lang=\"ES-TRAD\">&nbsp;&nbsp;&nbsp;&nbsp;&nbsp;&nbsp;&nbsp;&nbsp;&nbsp;&nbsp;&nbsp;<span class=\"m_1437015685471239772ydp241ffc45yiv7247091959apple-converted-space\">&nbsp;<\/span><\/span><span lang=\"ES-TRAD\">Los art\u00edculos-cap\u00edtulos deben estar escritos en formato Word, tama\u00f1o carta, interlineado de espacio y medio. La extensi\u00f3n total m\u00e1xima aceptada (incluyendo notas y bibliograf\u00eda) es de 10.000 palabras.<\/span><\/p>\n<p class=\"m_1437015685471239772ydp241ffc45yiv7247091959xdefault\"><span lang=\"ES-TRAD\">5.<\/span><span lang=\"ES-TRAD\">&nbsp;&nbsp;&nbsp;&nbsp;&nbsp;&nbsp;&nbsp;&nbsp;&nbsp;&nbsp;&nbsp;<span class=\"m_1437015685471239772ydp241ffc45yiv7247091959apple-converted-space\">&nbsp;<\/span><\/span><span lang=\"ES-TRAD\">Todas las citas deben estar referenciadas en el cuerpo del texto empleando las normas APA (sexta edici\u00f3n).<\/span><\/p>\n<p class=\"m_1437015685471239772ydp241ffc45yiv7247091959xdefault\"><span lang=\"ES-TRAD\">6.<\/span><span lang=\"ES-TRAD\">&nbsp;&nbsp;&nbsp;&nbsp;&nbsp;&nbsp;&nbsp;&nbsp;&nbsp;&nbsp;&nbsp;<span class=\"m_1437015685471239772ydp241ffc45yiv7247091959apple-converted-space\">&nbsp;<\/span><\/span><span lang=\"ES-TRAD\">Debe incluirse un resumen de m\u00e1ximo 200 palabras, que debe contener el tema del cap\u00edtulo, la forma c\u00f3mo se ha abordado y el principal hallazgo. No lleva citas.<\/span><\/p>\n<p class=\"m_1437015685471239772ydp241ffc45yiv7247091959xdefault\"><span lang=\"ES-TRAD\">7.<\/span><span lang=\"ES-TRAD\">&nbsp;&nbsp;&nbsp;&nbsp;&nbsp;&nbsp;&nbsp;&nbsp;&nbsp;&nbsp;&nbsp;<span class=\"m_1437015685471239772ydp241ffc45yiv7247091959apple-converted-space\">&nbsp;<\/span><\/span><span lang=\"ES-TRAD\">El texto debe incluir cinco palabras clave.<\/span><\/p>\n<p class=\"m_1437015685471239772ydp241ffc45yiv7247091959xdefault\"><span lang=\"ES-TRAD\">8.<\/span><span lang=\"ES-TRAD\">&nbsp;&nbsp;&nbsp;&nbsp;&nbsp;&nbsp;&nbsp;&nbsp;&nbsp;&nbsp;&nbsp;<span class=\"m_1437015685471239772ydp241ffc45yiv7247091959apple-converted-space\">&nbsp;<\/span><\/span><span lang=\"ES-TRAD\">En un archivo aparte, debe indicarse el t\u00edtulo del art\u00edculo-cap\u00edtulo y los datos de los autores (nombre completo, formaci\u00f3n profesional, filiaci\u00f3n acad\u00e9mica, \u00e1reas de inter\u00e9s, email) junto con una caracterizaci\u00f3n del texto propuesto al proyecto editorial. No se aceptan textos de m\u00e1s de tres autores.<\/span><\/p>\n<p class=\"m_1437015685471239772ydp241ffc45yiv7247091959xdefault\"><span lang=\"ES-TRAD\">9.<\/span><span lang=\"ES-TRAD\">&nbsp;&nbsp;&nbsp;&nbsp;&nbsp;&nbsp;&nbsp;&nbsp;&nbsp;&nbsp;&nbsp;<span class=\"m_1437015685471239772ydp241ffc45yiv7247091959apple-converted-space\">&nbsp;<\/span><\/span><span lang=\"ES-TRAD\">Todos los textos deben tener una introducci\u00f3n en la que se haga una breve presentaci\u00f3n del contexto (o planteamiento del problema abordado), se exponga el prop\u00f3sito del art\u00edculo y se haga una menci\u00f3n de la metodolog\u00eda empleada.<\/span><\/p>\n<p class=\"m_1437015685471239772ydp241ffc45yiv7247091959xdefault\"><span lang=\"ES-TRAD\">10.<\/span><span lang=\"ES-TRAD\">&nbsp;&nbsp;&nbsp;&nbsp;&nbsp;&nbsp;&nbsp;&nbsp;<span class=\"m_1437015685471239772ydp241ffc45yiv7247091959apple-converted-space\">&nbsp;<\/span><\/span><span lang=\"ES-TRAD\">Es preciso un apartado de conclusiones, justo despu\u00e9s de la presentaci\u00f3n de los resultados, que sintetice los principales hallazgos enunciados en el texto.<\/span><\/p>\n<p class=\"m_1437015685471239772ydp241ffc45yiv7247091959xdefault\"><span lang=\"ES-TRAD\">11.<\/span><span lang=\"ES-TRAD\">&nbsp;&nbsp;&nbsp;&nbsp;&nbsp;&nbsp;&nbsp;&nbsp;<span class=\"m_1437015685471239772ydp241ffc45yiv7247091959apple-converted-space\">&nbsp;<\/span><\/span><span lang=\"ES-TRAD\">Todas las tablas o gr\u00e1ficos empleados deben indicar la fuente de la informaci\u00f3n y qui\u00e9n la ha elaborado.<\/span><\/p>\n<p class=\"m_1437015685471239772ydp241ffc45yiv7247091959xdefault\"><span lang=\"ES-TRAD\">12.<\/span><span lang=\"ES-TRAD\">&nbsp;&nbsp;&nbsp;&nbsp;&nbsp;&nbsp;&nbsp;&nbsp;<span class=\"m_1437015685471239772ydp241ffc45yiv7247091959apple-converted-space\">&nbsp;<\/span><\/span><span lang=\"ES-TRAD\">La bibliograf\u00eda citada debe redactarse al final del art\u00edculo-cap\u00edtulo. No lleva vi\u00f1etas ni clasificaci\u00f3n. Debe ser una sola lista seguida en orden alfab\u00e9tico y cronol\u00f3gico para varios textos de un mismo autor. Es preciso verificar que todo lo que est\u00e9 en la lista de referencias se encuentra citado en el texto y viceversa, incluyendo los pies de p\u00e1gina, utilizando normas APA.<\/span><\/p>\n<p class=\"m_1437015685471239772ydp241ffc45yiv7247091959xdefault\"><b><span lang=\"ES-TRAD\">Cronograma del proceso<\/span><\/b><\/p>\n<ul type=\"disc\">\n<li class=\"m_1437015685471239772ydp241ffc45yiv7247091959MsoNormal\"><b>Junio 26 de 2019<\/b>: fecha de socializaci\u00f3n de la propuesta editorial.<\/li>\n<li class=\"m_1437015685471239772ydp241ffc45yiv7247091959MsoNormal\"><b>Julio 26 de 2019<\/b>: l\u00edmite para el env\u00edo de los textos a la direcci\u00f3n:&nbsp;<a href=\"mailto:hcardona@udem.edu.co\" target=\"_blank\" rel=\"nofollow noopener noreferrer\">hcardona@udem.edu.<wbr>co<\/a><\/li>\n<li class=\"m_1437015685471239772ydp241ffc45yiv7247091959MsoNormal\"><b>Agosto 5 de 2019<\/b>: anuncio de los textos que han pasado la revisi\u00f3n del comit\u00e9 editorial y que ser\u00e1n enviados por tanto para su evaluaci\u00f3n por pares ciegos.<\/li>\n<li class=\"m_1437015685471239772ydp241ffc45yiv7247091959MsoNormal\"><b>Septiembre 5 de 2019<\/b>: env\u00edo de los comentarios y\/o correcciones realizadas por los pares ciegos (\u00e9stos podr\u00e1n determinar que un cap\u00edtulo puede publicarse sin correcciones; que puede serlo siempre y cuando se le hagan determinadas correcciones; o que no puede ser publicado).<\/li>\n<li class=\"m_1437015685471239772ydp241ffc45yiv7247091959MsoNormal\"><b>Octubre 5 de 2019<\/b>: env\u00edo de la versi\u00f3n definitiva de los art\u00edculos por parte de los autores. Esta versi\u00f3n debe tener incorporadas las sugerencias dadas por los pares.<\/li>\n<\/ul>\n<p><strong>Normas editoriales<\/strong> (ver los archivos):<\/p>\n<p><a href=\"https:\/\/red.antropologiadelcuerpo.com\/wp-content\/uploads\/Modelo-autorizacion-Compilados-Co-edicion-28dejuniode2019.docx\" target=\"_blank\" rel=\"noopener noreferrer\">Modelo-autorizacion-Compilados-Co-edicion-28dejuniode2019<\/a><\/p>\n<p><a href=\"https:\/\/red.antropologiadelcuerpo.com\/wp-content\/uploads\/Normas-APA.pdf\" target=\"_blank\" rel=\"noopener noreferrer\">Normas APA<\/a><\/p>\n<p><a href=\"https:\/\/red.antropologiadelcuerpo.com\/wp-content\/uploads\/Formato-Fotografias-E-Imagenes-en-Coedicion-28dejuniode2019.docx\" target=\"_blank\" rel=\"noopener noreferrer\">Formato-Fotografias-E-Imagenes-en-Coedicion-28dejuniode2019<\/a><\/p>\n","protected":false},"excerpt":{"rendered":"<p>Estimadxs colegas,&nbsp; &nbsp; Lxs invitamos a enviar contribuciones al dossier titulado CORPOENSE\u00d1ANZAS EN LAS AULAS UNIVERSITARIAS: ABORDAJES DESDE AM\u00c9RICA LATINA,&nbsp;&nbsp;que realizaremos en la Revista&nbsp;CIENCIAS SOCIALES Y EDUCACI\u00d3N, de la Universidad de Medell\u00edn, y que contar\u00e1 con el auspicio de la Red de investigaci\u00f3n de y desde los cuerpos.&nbsp; &nbsp; Abajo les enviamos las normas editoriales, &hellip; <\/p>\n<p class=\"link-more\"><a href=\"https:\/\/red.antropologiadelcuerpo.com\/index.php\/invitamos-a-participar-en-el-dossier-corpoensenanzas-en-las-aulas-universitarias\/\" class=\"more-link\">Continuar leyendo<span class=\"screen-reader-text\"> \u00abInvitamos a participar en el Dossier Corpoense\u00f1anzas en las aulas universitarias\u00bb<\/span><\/a><\/p>\n","protected":false},"author":3,"featured_media":0,"comment_status":"closed","ping_status":"open","sticky":false,"template":"","format":"standard","meta":{"ngg_post_thumbnail":0,"footnotes":""},"categories":[354],"tags":[767,766,765,465,768],"class_list":["post-5650","post","type-post","status-publish","format-standard","hentry","category-revistas","tag-aulas","tag-corpoensenanza","tag-dossier","tag-revista","tag-universidad"],"_links":{"self":[{"href":"https:\/\/red.antropologiadelcuerpo.com\/index.php\/wp-json\/wp\/v2\/posts\/5650","targetHints":{"allow":["GET"]}}],"collection":[{"href":"https:\/\/red.antropologiadelcuerpo.com\/index.php\/wp-json\/wp\/v2\/posts"}],"about":[{"href":"https:\/\/red.antropologiadelcuerpo.com\/index.php\/wp-json\/wp\/v2\/types\/post"}],"author":[{"embeddable":true,"href":"https:\/\/red.antropologiadelcuerpo.com\/index.php\/wp-json\/wp\/v2\/users\/3"}],"replies":[{"embeddable":true,"href":"https:\/\/red.antropologiadelcuerpo.com\/index.php\/wp-json\/wp\/v2\/comments?post=5650"}],"version-history":[{"count":4,"href":"https:\/\/red.antropologiadelcuerpo.com\/index.php\/wp-json\/wp\/v2\/posts\/5650\/revisions"}],"predecessor-version":[{"id":5657,"href":"https:\/\/red.antropologiadelcuerpo.com\/index.php\/wp-json\/wp\/v2\/posts\/5650\/revisions\/5657"}],"wp:attachment":[{"href":"https:\/\/red.antropologiadelcuerpo.com\/index.php\/wp-json\/wp\/v2\/media?parent=5650"}],"wp:term":[{"taxonomy":"category","embeddable":true,"href":"https:\/\/red.antropologiadelcuerpo.com\/index.php\/wp-json\/wp\/v2\/categories?post=5650"},{"taxonomy":"post_tag","embeddable":true,"href":"https:\/\/red.antropologiadelcuerpo.com\/index.php\/wp-json\/wp\/v2\/tags?post=5650"}],"curies":[{"name":"wp","href":"https:\/\/api.w.org\/{rel}","templated":true}]}}