{"id":5082,"date":"2018-11-05T23:58:36","date_gmt":"2018-11-06T02:58:36","guid":{"rendered":"https:\/\/red.antropologiadelcuerpo.com\/?p=5082"},"modified":"2018-11-05T23:58:36","modified_gmt":"2018-11-06T02:58:36","slug":"compartimos-el-programa-del-3er-encuentro-de-investigadores","status":"publish","type":"post","link":"https:\/\/red.antropologiadelcuerpo.com\/index.php\/compartimos-el-programa-del-3er-encuentro-de-investigadores\/","title":{"rendered":"Compartimos el programa del 3er Encuentro de Investigadores"},"content":{"rendered":"<div class=\"ose-wrapper ose-uid-d7c9c87eb8ea65e4c47aeb8df8c2fbe5 ose-embedpress-responsive\" style=\"width:600px; height:550px; max-height:550px; max-width:100%; display:inline-block;\" data-embed-type=\"document_pdf\"><iframe loading=\"lazy\" allowFullScreen=\"true\" width=\"600\" height=\"550\" src=\"https:\/\/red.antropologiadelcuerpo.com\/wp-content\/uploads\/Programa-III-Encuentro-Cuerpo-y-Corporalidades-M\u00e9xico-18.pdf\" > <\/iframe><\/div>\n<p>M\u00e1s informaci\u00f3n en la p\u00e1gina del evento: <a href=\"http:\/\/cuerposycorporalidades.com\/programa\/\" target=\"_blank\" rel=\"noopener\">http:\/\/cuerposycorporalidades.com\/programa\/<\/a><\/p>\n","protected":false},"excerpt":{"rendered":"<p>M\u00e1s informaci\u00f3n en la p\u00e1gina del evento: http:\/\/cuerposycorporalidades.com\/programa\/<\/p>\n","protected":false},"author":3,"featured_media":0,"comment_status":"closed","ping_status":"open","sticky":false,"template":"","format":"standard","meta":{"ngg_post_thumbnail":0,"footnotes":""},"categories":[19],"tags":[],"class_list":["post-5082","post","type-post","status-publish","format-standard","hentry","category-congresos"],"_links":{"self":[{"href":"https:\/\/red.antropologiadelcuerpo.com\/index.php\/wp-json\/wp\/v2\/posts\/5082","targetHints":{"allow":["GET"]}}],"collection":[{"href":"https:\/\/red.antropologiadelcuerpo.com\/index.php\/wp-json\/wp\/v2\/posts"}],"about":[{"href":"https:\/\/red.antropologiadelcuerpo.com\/index.php\/wp-json\/wp\/v2\/types\/post"}],"author":[{"embeddable":true,"href":"https:\/\/red.antropologiadelcuerpo.com\/index.php\/wp-json\/wp\/v2\/users\/3"}],"replies":[{"embeddable":true,"href":"https:\/\/red.antropologiadelcuerpo.com\/index.php\/wp-json\/wp\/v2\/comments?post=5082"}],"version-history":[{"count":2,"href":"https:\/\/red.antropologiadelcuerpo.com\/index.php\/wp-json\/wp\/v2\/posts\/5082\/revisions"}],"predecessor-version":[{"id":5091,"href":"https:\/\/red.antropologiadelcuerpo.com\/index.php\/wp-json\/wp\/v2\/posts\/5082\/revisions\/5091"}],"wp:attachment":[{"href":"https:\/\/red.antropologiadelcuerpo.com\/index.php\/wp-json\/wp\/v2\/media?parent=5082"}],"wp:term":[{"taxonomy":"category","embeddable":true,"href":"https:\/\/red.antropologiadelcuerpo.com\/index.php\/wp-json\/wp\/v2\/categories?post=5082"},{"taxonomy":"post_tag","embeddable":true,"href":"https:\/\/red.antropologiadelcuerpo.com\/index.php\/wp-json\/wp\/v2\/tags?post=5082"}],"curies":[{"name":"wp","href":"https:\/\/api.w.org\/{rel}","templated":true}]}}