{"id":4845,"date":"2018-06-22T19:45:00","date_gmt":"2018-06-22T22:45:00","guid":{"rendered":"http:\/\/red.antropologiadelcuerpo.com\/?p=4845"},"modified":"2018-06-22T19:48:04","modified_gmt":"2018-06-22T22:48:04","slug":"iii-encontro-de-antropologia-visual-da-america-amazonica","status":"publish","type":"post","link":"https:\/\/red.antropologiadelcuerpo.com\/index.php\/iii-encontro-de-antropologia-visual-da-america-amazonica\/","title":{"rendered":"III Encontro de Antropologia Visual da Am\u00e9rica Amaz\u00f4nica"},"content":{"rendered":"<div><a href=\"http:\/\/www.eavaam.com.br\/\" target=\"_blank\" rel=\"noopener\"><img loading=\"lazy\" decoding=\"async\" class=\"size-large wp-image-4846 alignleft\" src=\"https:\/\/red.antropologiadelcuerpo.com\/wp-content\/uploads\/III-EAVAAM-2018-1024x243.jpg\" alt=\"\" width=\"525\" height=\"125\" srcset=\"https:\/\/red.antropologiadelcuerpo.com\/wp-content\/uploads\/III-EAVAAM-2018-1024x243.jpg 1024w, https:\/\/red.antropologiadelcuerpo.com\/wp-content\/uploads\/III-EAVAAM-2018-300x71.jpg 300w, https:\/\/red.antropologiadelcuerpo.com\/wp-content\/uploads\/III-EAVAAM-2018-768x182.jpg 768w, https:\/\/red.antropologiadelcuerpo.com\/wp-content\/uploads\/III-EAVAAM-2018.jpg 1446w\" sizes=\"auto, (max-width: 525px) 100vw, 525px\" \/><\/a><\/div>\n<div>\u00ab3\u00aa edi\u00e7\u00e3o do Encontro de Antropologia Visual da Am\u00e9rica Amaz\u00f4nica, que ocorrer\u00e1 nos dias 19, 20 e 21 de setembro de 2018.\u00bb<\/div>\n<div>&nbsp;<\/div>\n<div>Entre os dias 19 e 21 de setembro de 2018, na Universidade Federal do Par\u00e1, Brasil, campus Bel\u00e9m, acontecer\u00e1 o III Encontro de Antropologia Visual da Am\u00e9rica Amaz\u00f4nica. No referido evento, a Dra. Manuela Corral e Edyr Oliveira J\u00fanior estaremos coordenando o Grupo de Trabalho \u00abCorpos, G\u00eaneros e Imagens na Comunica\u00e7\u00e3o\u00bb, cuja ementa \u00e9:<\/div>\n<div>&nbsp;<\/div>\n<p><!--more--><\/p>\n<div>&nbsp;Este Grupo de Trabalho, em sua terceira edi\u00e7\u00e3o, procura dar continuidade aos debates acerca das imagens corporais e dos g\u00eaneros em aportes midi\u00e1ticos, considerando a interseccionalidade entre eles e\/ou com demais marcadores da diferen\u00e7a e da diversidade como a cor da pele, a gera\u00e7\u00e3o, a religiosidade, a nacionalidade, o status social etc. Assim, em geral, questiona-se: Quais corpos s\u00e3o (in)visibilizados nas capas de revistas, no cinema, nas telenovelas, no entretenimento, nas reportagens, nas pe\u00e7as publicit\u00e1rias dentre outros meios de comunica\u00e7\u00e3o e de intera\u00e7\u00e3o social? De que forma quest\u00f5es relativas aos g\u00eaneros s\u00e3o pensadas e representadas em m\u00eddias onde a imagem visual \u00e9 necess\u00e1ria? Visa-se, ainda, neste GT, (re)examinar o papel dos operadores da comunica\u00e7\u00e3o (Oliveira J\u00fanior 2012), refletindo a respeito dos silenciamentos e das possibilidades de inclus\u00e3o da multiplicidade de corpos e modos de ser, bem como do refor\u00e7o ou n\u00e3o de estere\u00f3tipos relacionados aos g\u00eaneros e \u00e0s corporeidades que se apresentam hodiernamente nos trabalhos elaborados por esses agentes sociais.<\/div>\n<div>&nbsp;<\/div>\n<div><strong>O envio de resumos para avalia\u00e7\u00e3o ir\u00e1 at\u00e9 o dia 15\/07<\/strong>.<\/div>\n<div>Estes dever\u00e3o ser enviados para os seguintes emails:&nbsp;edyroliveirajunior@<wbr>gmail.com e&nbsp;manuelacorralv@yahoo.com.br<\/div>\n<div>&nbsp;<\/div>\n<div>O link do evento \u00e9:&nbsp;<a href=\"http:\/\/www.eavaam.com.br\/#inicio\" target=\"_blank\" rel=\"nofollow noopener\">http:\/\/www.eavaam.com.br\/#<wbr>inicio<\/a>&nbsp;<\/div>\n<div>&nbsp;<\/div>\n<div>\n<p>&nbsp;<\/p>\n<\/div>\n<div>&nbsp;<\/div>\n","protected":false},"excerpt":{"rendered":"<p>\u00ab3\u00aa edi\u00e7\u00e3o do Encontro de Antropologia Visual da Am\u00e9rica Amaz\u00f4nica, que ocorrer\u00e1 nos dias 19, 20 e 21 de setembro de 2018.\u00bb &nbsp; Entre os dias 19 e 21 de setembro de 2018, na Universidade Federal do Par\u00e1, Brasil, campus Bel\u00e9m, acontecer\u00e1 o III Encontro de Antropologia Visual da Am\u00e9rica Amaz\u00f4nica. No referido evento, a &hellip; <\/p>\n<p class=\"link-more\"><a href=\"https:\/\/red.antropologiadelcuerpo.com\/index.php\/iii-encontro-de-antropologia-visual-da-america-amazonica\/\" class=\"more-link\">Continuar leyendo<span class=\"screen-reader-text\"> \u00abIII Encontro de Antropologia Visual da Am\u00e9rica Amaz\u00f4nica\u00bb<\/span><\/a><\/p>\n","protected":false},"author":3,"featured_media":0,"comment_status":"closed","ping_status":"open","sticky":false,"template":"","format":"standard","meta":{"ngg_post_thumbnail":0,"footnotes":""},"categories":[19],"tags":[],"class_list":["post-4845","post","type-post","status-publish","format-standard","hentry","category-congresos"],"_links":{"self":[{"href":"https:\/\/red.antropologiadelcuerpo.com\/index.php\/wp-json\/wp\/v2\/posts\/4845","targetHints":{"allow":["GET"]}}],"collection":[{"href":"https:\/\/red.antropologiadelcuerpo.com\/index.php\/wp-json\/wp\/v2\/posts"}],"about":[{"href":"https:\/\/red.antropologiadelcuerpo.com\/index.php\/wp-json\/wp\/v2\/types\/post"}],"author":[{"embeddable":true,"href":"https:\/\/red.antropologiadelcuerpo.com\/index.php\/wp-json\/wp\/v2\/users\/3"}],"replies":[{"embeddable":true,"href":"https:\/\/red.antropologiadelcuerpo.com\/index.php\/wp-json\/wp\/v2\/comments?post=4845"}],"version-history":[{"count":2,"href":"https:\/\/red.antropologiadelcuerpo.com\/index.php\/wp-json\/wp\/v2\/posts\/4845\/revisions"}],"predecessor-version":[{"id":4848,"href":"https:\/\/red.antropologiadelcuerpo.com\/index.php\/wp-json\/wp\/v2\/posts\/4845\/revisions\/4848"}],"wp:attachment":[{"href":"https:\/\/red.antropologiadelcuerpo.com\/index.php\/wp-json\/wp\/v2\/media?parent=4845"}],"wp:term":[{"taxonomy":"category","embeddable":true,"href":"https:\/\/red.antropologiadelcuerpo.com\/index.php\/wp-json\/wp\/v2\/categories?post=4845"},{"taxonomy":"post_tag","embeddable":true,"href":"https:\/\/red.antropologiadelcuerpo.com\/index.php\/wp-json\/wp\/v2\/tags?post=4845"}],"curies":[{"name":"wp","href":"https:\/\/api.w.org\/{rel}","templated":true}]}}