{"id":4534,"date":"2018-04-18T17:23:10","date_gmt":"2018-04-18T20:23:10","guid":{"rendered":"http:\/\/red.antropologiadelcuerpo.com\/?p=4534"},"modified":"2018-04-18T18:37:35","modified_gmt":"2018-04-18T21:37:35","slug":"libardo-mosquera-mateus","status":"publish","type":"post","link":"https:\/\/red.antropologiadelcuerpo.com\/index.php\/libardo-mosquera-mateus\/","title":{"rendered":"Libardo Mosquera Mateus"},"content":{"rendered":"<p>Licenciado en Educaci\u00f3n F\u00edsica, especialista en pedagog\u00eda y did\u00e1ctica de la educaci\u00f3n f\u00edsica, Magister en sociolog\u00eda de la educaci\u00f3n y doctorando de la Universidad Internacional Iberoamericana de M\u00e9xico.<\/p>\n<p>He realizado algunos art\u00edculos relacionados con las tem\u00e1ticas del cuerpo en revistas de Educaci\u00f3n F\u00edsica, he sido ponente en eventos nacionales con tem\u00e1ticas c\u00f3mo cuerpo, pr\u00e1cticas corporales, la relaci\u00f3n salud educaci\u00f3n f\u00edsica. Desde hace 15 a\u00f1os que est\u00e1 vinculado como docente catedr\u00e1tico y coinvestigador en la Universidad Pedag\u00f3gica Nacional.<!--more--><\/p>\n<p>Sus temas de inter\u00e9s son las concepciones de cuerpo, la experiencia corporal, y las pr\u00e1cticas corporales. El centro de inter\u00e9s investigativo se centra en la relaciones existentes entre las dimensiones corporeidad, motricidad, pr\u00e1cticas corporales y la educaci\u00f3n del cuerpo.<\/p>\n<p>Contacto:&nbsp; <span class=\"go\">libardo_m@hotmail.com<br \/>\n<\/span><\/p>\n<p>Publicaciones:<\/p>\n<p><div class=\"ose-wrapper ose-uid-86b59f332445e8697e471c3ffbeb493a ose-embedpress-responsive\" style=\"width:600px; height:550px; max-height:550px; max-width:100%; display:inline-block;\" data-embed-type=\"SelfHosted\"><iframe loading=\"lazy\" allowFullScreen=\"true\" width=\"600\" height=\"550\" src=\"http:\/\/revistas.pedagogica.edu.co\/index.php\/LP\/article\/view\/4163\" > <\/iframe><\/div><\/p>\n<p>Publicaciones en este enlace: <a href=\"https:\/\/dialnet.unirioja.es\/servlet\/autor?codigo=3147065\" target=\"_blank\" rel=\"noopener\">https:\/\/dialnet.unirioja.es\/servlet\/autor?codigo=3147065<\/a><\/p>\n<p><a href=\"http:\/\/revistas.pedagogica.edu.co\/index.php\/LP\/article\/view\/564\" target=\"_blank\" rel=\"noopener\">http:\/\/revistas.pedagogica.edu.co\/index.php\/LP\/article\/view\/564<\/a><\/p>\n<p>&nbsp;<\/p>\n","protected":false},"excerpt":{"rendered":"<p>Licenciado en Educaci\u00f3n F\u00edsica, especialista en pedagog\u00eda y did\u00e1ctica de la educaci\u00f3n f\u00edsica, Magister en sociolog\u00eda de la educaci\u00f3n y doctorando de la Universidad Internacional Iberoamericana de M\u00e9xico. He realizado algunos art\u00edculos relacionados con las tem\u00e1ticas del cuerpo en revistas de Educaci\u00f3n F\u00edsica, he sido ponente en eventos nacionales con tem\u00e1ticas c\u00f3mo cuerpo, pr\u00e1cticas corporales, &hellip; <\/p>\n<p class=\"link-more\"><a href=\"https:\/\/red.antropologiadelcuerpo.com\/index.php\/libardo-mosquera-mateus\/\" class=\"more-link\">Continuar leyendo<span class=\"screen-reader-text\"> \u00abLibardo Mosquera Mateus\u00bb<\/span><\/a><\/p>\n","protected":false},"author":3,"featured_media":0,"comment_status":"closed","ping_status":"open","sticky":false,"template":"","format":"standard","meta":{"ngg_post_thumbnail":0,"footnotes":""},"categories":[22,7],"tags":[590,591,326],"class_list":["post-4534","post","type-post","status-publish","format-standard","hentry","category-colombia","category-investigadores","tag-concepciones-de-cuerpo","tag-experiencia-corporal","tag-practicas-corporales"],"_links":{"self":[{"href":"https:\/\/red.antropologiadelcuerpo.com\/index.php\/wp-json\/wp\/v2\/posts\/4534","targetHints":{"allow":["GET"]}}],"collection":[{"href":"https:\/\/red.antropologiadelcuerpo.com\/index.php\/wp-json\/wp\/v2\/posts"}],"about":[{"href":"https:\/\/red.antropologiadelcuerpo.com\/index.php\/wp-json\/wp\/v2\/types\/post"}],"author":[{"embeddable":true,"href":"https:\/\/red.antropologiadelcuerpo.com\/index.php\/wp-json\/wp\/v2\/users\/3"}],"replies":[{"embeddable":true,"href":"https:\/\/red.antropologiadelcuerpo.com\/index.php\/wp-json\/wp\/v2\/comments?post=4534"}],"version-history":[{"count":4,"href":"https:\/\/red.antropologiadelcuerpo.com\/index.php\/wp-json\/wp\/v2\/posts\/4534\/revisions"}],"predecessor-version":[{"id":4538,"href":"https:\/\/red.antropologiadelcuerpo.com\/index.php\/wp-json\/wp\/v2\/posts\/4534\/revisions\/4538"}],"wp:attachment":[{"href":"https:\/\/red.antropologiadelcuerpo.com\/index.php\/wp-json\/wp\/v2\/media?parent=4534"}],"wp:term":[{"taxonomy":"category","embeddable":true,"href":"https:\/\/red.antropologiadelcuerpo.com\/index.php\/wp-json\/wp\/v2\/categories?post=4534"},{"taxonomy":"post_tag","embeddable":true,"href":"https:\/\/red.antropologiadelcuerpo.com\/index.php\/wp-json\/wp\/v2\/tags?post=4534"}],"curies":[{"name":"wp","href":"https:\/\/api.w.org\/{rel}","templated":true}]}}