{"id":4404,"date":"2017-09-25T00:47:46","date_gmt":"2017-09-25T03:47:46","guid":{"rendered":"http:\/\/red.antropologiadelcuerpo.com\/?p=4404"},"modified":"2017-10-02T00:51:05","modified_gmt":"2017-10-02T03:51:05","slug":"francisco-javier-cortazar-rodriguez","status":"publish","type":"post","link":"https:\/\/red.antropologiadelcuerpo.com\/index.php\/francisco-javier-cortazar-rodriguez\/","title":{"rendered":"Francisco Javier Cortazar Rodr\u00edguez"},"content":{"rendered":"<p>Licenciado en Sociolog\u00eda y Maestro en Ciencias Sociales por la Universidad de Guadalajara. Doctor en Ciencias de la Informaci\u00f3n y de la Comunicaci\u00f3n por la Universidad de Par\u00eds 13.<\/p>\n<p>Proyectos de investigaci\u00f3n actualmente en curso: \u00abImaginarios, Rumores y Leyendas Urbanas\u00bb y \u00abCuerpo, cultura y medios de comunicaci\u00f3n\u00bb. Desde 2015 trabaja junto a un equipo de investigadores en un proyecto institucional de la Universidad de Guadalajara para elaborar un diagn\u00f3stico sobre la violencia de g\u00e9nero e implementar medidas para instaurar la perspectiva de g\u00e9nero en la instituci\u00f3n.<!--more--><\/p>\n<p>Profesor de \u00abTeor\u00eda de la cultura\u00bb y \u00abSocio-antropolog\u00eda del cuerpo\u00bb en los Departamentos de Comunicaci\u00f3n P\u00fablica y Sociolog\u00eda (licenciatura), y en la Maestr\u00eda en Ciencias Sociales, en la Universidad de Guadalajara. Investigador en el Departamento de Estudios en Comunicaci\u00f3n Social (DECS). Centro Universitario de Ciencias Sociales y Humanidades (CUCSH) de la Universidad de Guadalajara.<\/p>\n<p>&nbsp;<\/p>\n<p>Mail: fcovier@yahoo.com<\/p>\n<p>francisco.javier.cortazar@gmail.com<\/p>\n<p><u>francisco.cortazar@academicos.udg.mx<\/u><\/p>\n<p>P\u00e1gina web: Otras publicaciones accesibles:<\/p>\n<p><a href=\"https:\/\/guadalajara.academia.edu\/FCortazar\" target=\"_blank\" rel=\"noopener\">https:\/\/guadalajara.academia.edu\/FCortazar<\/a><\/p>\n","protected":false},"excerpt":{"rendered":"<p>Licenciado en Sociolog\u00eda y Maestro en Ciencias Sociales por la Universidad de Guadalajara. Doctor en Ciencias de la Informaci\u00f3n y de la Comunicaci\u00f3n por la Universidad de Par\u00eds 13. Proyectos de investigaci\u00f3n actualmente en curso: \u00abImaginarios, Rumores y Leyendas Urbanas\u00bb y \u00abCuerpo, cultura y medios de comunicaci\u00f3n\u00bb. Desde 2015 trabaja junto a un equipo de &hellip; <\/p>\n<p class=\"link-more\"><a href=\"https:\/\/red.antropologiadelcuerpo.com\/index.php\/francisco-javier-cortazar-rodriguez\/\" class=\"more-link\">Continuar leyendo<span class=\"screen-reader-text\"> \u00abFrancisco Javier Cortazar Rodr\u00edguez\u00bb<\/span><\/a><\/p>\n","protected":false},"author":3,"featured_media":0,"comment_status":"closed","ping_status":"open","sticky":false,"template":"","format":"standard","meta":{"ngg_post_thumbnail":0,"footnotes":""},"categories":[7,9],"tags":[],"class_list":["post-4404","post","type-post","status-publish","format-standard","hentry","category-investigadores","category-mexico"],"_links":{"self":[{"href":"https:\/\/red.antropologiadelcuerpo.com\/index.php\/wp-json\/wp\/v2\/posts\/4404","targetHints":{"allow":["GET"]}}],"collection":[{"href":"https:\/\/red.antropologiadelcuerpo.com\/index.php\/wp-json\/wp\/v2\/posts"}],"about":[{"href":"https:\/\/red.antropologiadelcuerpo.com\/index.php\/wp-json\/wp\/v2\/types\/post"}],"author":[{"embeddable":true,"href":"https:\/\/red.antropologiadelcuerpo.com\/index.php\/wp-json\/wp\/v2\/users\/3"}],"replies":[{"embeddable":true,"href":"https:\/\/red.antropologiadelcuerpo.com\/index.php\/wp-json\/wp\/v2\/comments?post=4404"}],"version-history":[{"count":1,"href":"https:\/\/red.antropologiadelcuerpo.com\/index.php\/wp-json\/wp\/v2\/posts\/4404\/revisions"}],"predecessor-version":[{"id":4405,"href":"https:\/\/red.antropologiadelcuerpo.com\/index.php\/wp-json\/wp\/v2\/posts\/4404\/revisions\/4405"}],"wp:attachment":[{"href":"https:\/\/red.antropologiadelcuerpo.com\/index.php\/wp-json\/wp\/v2\/media?parent=4404"}],"wp:term":[{"taxonomy":"category","embeddable":true,"href":"https:\/\/red.antropologiadelcuerpo.com\/index.php\/wp-json\/wp\/v2\/categories?post=4404"},{"taxonomy":"post_tag","embeddable":true,"href":"https:\/\/red.antropologiadelcuerpo.com\/index.php\/wp-json\/wp\/v2\/tags?post=4404"}],"curies":[{"name":"wp","href":"https:\/\/api.w.org\/{rel}","templated":true}]}}