{"id":4299,"date":"2017-08-10T12:44:18","date_gmt":"2017-08-10T15:44:18","guid":{"rendered":"http:\/\/red.antropologiadelcuerpo.com\/?p=4299"},"modified":"2017-08-10T12:53:30","modified_gmt":"2017-08-10T15:53:30","slug":"taller-de-performance-investigacion-ejercicios-colectivos-para-interdisciplinar-nuestros-saberes-encarnados","status":"publish","type":"post","link":"https:\/\/red.antropologiadelcuerpo.com\/index.php\/taller-de-performance-investigacion-ejercicios-colectivos-para-interdisciplinar-nuestros-saberes-encarnados\/","title":{"rendered":"Taller de performance-investigaci\u00f3n: ejercicios colectivos para indisciplinar nuestros saberes encarnados"},"content":{"rendered":"<p><a href=\"https:\/\/red.antropologiadelcuerpo.com\/wp-content\/uploads\/taller-de-performance-invetigaci\u00f3n-ULTIMO.jpg\"><img loading=\"lazy\" decoding=\"async\" class=\"aligncenter size-full wp-image-4300\" src=\"https:\/\/red.antropologiadelcuerpo.com\/wp-content\/uploads\/taller-de-performance-invetigaci\u00f3n-ULTIMO.jpg\" alt=\"\" height=\"788\" width=\"940\" srcset=\"https:\/\/red.antropologiadelcuerpo.com\/wp-content\/uploads\/taller-de-performance-invetigaci\u00f3n-ULTIMO.jpg 940w, https:\/\/red.antropologiadelcuerpo.com\/wp-content\/uploads\/taller-de-performance-invetigaci\u00f3n-ULTIMO-300x251.jpg 300w, https:\/\/red.antropologiadelcuerpo.com\/wp-content\/uploads\/taller-de-performance-invetigaci\u00f3n-ULTIMO-768x644.jpg 768w\" sizes=\"auto, (max-width: 767px) 89vw, (max-width: 1000px) 54vw, (max-width: 1071px) 543px, 580px\" \/><\/a><\/p>\n<p>Desde el GESLAT y GESHAL (FSOC-UBA), el Equipo de Antropolog\u00eda del Cuerpo y la Performance (ICA-FFyLL-UBA), el \u00c1rea de Antropolog\u00eda del Cuerpo (EA-UNR) y el Grupo de Investigaciones Etnogr\u00e1fico-Tatrales (UBA) los<strong> invitamos al \u00abTaller de performance investigaci\u00f3n: Ejercicios colectivos para indisciplinar nuestros saberes encarnados\u00bb que daremos en el marco de las XII Jornadas de Sociolog\u00eda (FSOC-UBA).<\/strong><\/p>\n<p><strong>24 de agosto de 2017 de 16 a 19 hs. <\/strong><\/p>\n<p><strong>La actividad es libre y gratuita.<\/strong><\/p>\n<p><strong><em>Sobre el taller<\/em><\/strong><!--more--><\/p>\n<p>El taller se propone interrogar los procesos sociales de subalternizaci\u00f3n mediante la puesta en pr\u00e1ctica de estrategias performativas que involucran la participaci\u00f3n activa de lxs asistentes. Los procesos de subalternizaci\u00f3n articulan relaciones de dominaci\u00f3n, jerarquizaci\u00f3n y exclusi\u00f3n de sujetos y de saberes en la configuraci\u00f3n del orden social. Nuestras propias disciplinas cient\u00edficas, entre ellas la sociolog\u00eda, han colaborado \u2013y colaboran\u2013&nbsp;en la reproducci\u00f3n de la violencia epist\u00e9mica al jerarquizar las formas de conocimiento occidentales por sobre otros modos del conocer. Creemos que la tarea de indisciplinar la sociolog\u00eda desde Am\u00e9rica Latina debe implicar la construcci\u00f3n de nuevas metodolog\u00edas que cuestionen las formas hegem\u00f3nicas de producci\u00f3n de conocimiento: la escisi\u00f3n sujeto\/investigador-objeto\/investigado, la academia como \u00fanico espacio leg\u00edtimo, el silenciamiento de historias&nbsp;y culturas,&nbsp;la jerarquizaci\u00f3n del m\u00e9todo cient\u00edfico y del c\u00f3digo de lectoescritura, la neutralidad valorativa, la propiedad intelectual\u2026<\/p>\n<p>Las formas hegem\u00f3nicas de producci\u00f3n de subjetividades se hacen carne en nuestros usos del cuerpo. En tanto objeto de tecnolog\u00edas de control y disciplinamiento, el cuerpo constituye un espacio de subalternizaciones que puede ser interrogado cr\u00edticamente. Proponemos hacerlo&nbsp;colectivamente. Las t\u00e9cnicas performativas que desplegaremos en el taller nos invitar\u00e1n a convocar a los planos negados tanto por el dualismo cartesiano como por los dispositivos anatomopol\u00edticos: la afectividad, la corporalidad, la sensibilidad. En esta b\u00fasqueda intentaremos situar al cuerpo como espacio de memorias y de conocimientos subalternizados con la intenci\u00f3n de contribuir a la construcci\u00f3n de herramientas que nos permitan indisciplinar la investigaci\u00f3n en ciencias sociales y enriquecer nuestras pr\u00e1cticas docentes y militantes.<\/p>\n","protected":false},"excerpt":{"rendered":"<p>Desde el GESLAT y GESHAL (FSOC-UBA), el Equipo de Antropolog\u00eda del Cuerpo y la Performance (ICA-FFyLL-UBA), el \u00c1rea de Antropolog\u00eda del Cuerpo (EA-UNR) y el Grupo de Investigaciones Etnogr\u00e1fico-Tatrales (UBA) los invitamos al \u00abTaller de performance investigaci\u00f3n: Ejercicios colectivos para indisciplinar nuestros saberes encarnados\u00bb que daremos en el marco de las XII Jornadas de Sociolog\u00eda &hellip; <\/p>\n<p class=\"link-more\"><a href=\"https:\/\/red.antropologiadelcuerpo.com\/index.php\/taller-de-performance-investigacion-ejercicios-colectivos-para-interdisciplinar-nuestros-saberes-encarnados\/\" class=\"more-link\">Continuar leyendo<span class=\"screen-reader-text\"> \u00abTaller de performance-investigaci\u00f3n: ejercicios colectivos para indisciplinar nuestros saberes encarnados\u00bb<\/span><\/a><\/p>\n","protected":false},"author":3,"featured_media":0,"comment_status":"closed","ping_status":"open","sticky":false,"template":"","format":"standard","meta":{"ngg_post_thumbnail":0,"footnotes":""},"categories":[19,277],"tags":[],"class_list":["post-4299","post","type-post","status-publish","format-standard","hentry","category-congresos","category-novedades"],"_links":{"self":[{"href":"https:\/\/red.antropologiadelcuerpo.com\/index.php\/wp-json\/wp\/v2\/posts\/4299","targetHints":{"allow":["GET"]}}],"collection":[{"href":"https:\/\/red.antropologiadelcuerpo.com\/index.php\/wp-json\/wp\/v2\/posts"}],"about":[{"href":"https:\/\/red.antropologiadelcuerpo.com\/index.php\/wp-json\/wp\/v2\/types\/post"}],"author":[{"embeddable":true,"href":"https:\/\/red.antropologiadelcuerpo.com\/index.php\/wp-json\/wp\/v2\/users\/3"}],"replies":[{"embeddable":true,"href":"https:\/\/red.antropologiadelcuerpo.com\/index.php\/wp-json\/wp\/v2\/comments?post=4299"}],"version-history":[{"count":2,"href":"https:\/\/red.antropologiadelcuerpo.com\/index.php\/wp-json\/wp\/v2\/posts\/4299\/revisions"}],"predecessor-version":[{"id":4302,"href":"https:\/\/red.antropologiadelcuerpo.com\/index.php\/wp-json\/wp\/v2\/posts\/4299\/revisions\/4302"}],"wp:attachment":[{"href":"https:\/\/red.antropologiadelcuerpo.com\/index.php\/wp-json\/wp\/v2\/media?parent=4299"}],"wp:term":[{"taxonomy":"category","embeddable":true,"href":"https:\/\/red.antropologiadelcuerpo.com\/index.php\/wp-json\/wp\/v2\/categories?post=4299"},{"taxonomy":"post_tag","embeddable":true,"href":"https:\/\/red.antropologiadelcuerpo.com\/index.php\/wp-json\/wp\/v2\/tags?post=4299"}],"curies":[{"name":"wp","href":"https:\/\/api.w.org\/{rel}","templated":true}]}}