{"id":4258,"date":"2017-07-08T18:18:47","date_gmt":"2017-07-08T21:18:47","guid":{"rendered":"http:\/\/red.antropologiadelcuerpo.com\/?p=4258"},"modified":"2017-07-23T21:18:55","modified_gmt":"2017-07-24T00:18:55","slug":"gt-corporalidades-procesos-de-subjetivacion-y-nuevas-metodologias-etnograficas-xii-ram","status":"publish","type":"post","link":"https:\/\/red.antropologiadelcuerpo.com\/index.php\/gt-corporalidades-procesos-de-subjetivacion-y-nuevas-metodologias-etnograficas-xii-ram\/","title":{"rendered":"GT-Corporalidades, procesos de subjetivaci\u00f3n y nuevas metodolog\u00edas etnogr\u00e1ficas &#8211; XII RAM"},"content":{"rendered":"<div><img loading=\"lazy\" decoding=\"async\" class=\"alignnone size-large\" src=\"http:\/\/antropologiadelcuerpo.com\/images\/XIIRAM-Misiones-2017.png\" height=\"311\" width=\"800\"><\/div>\n<div>&nbsp;<\/div>\n<div class=\"m_5092343862087113228m_8671275304198468181yiv4626217090gmail-MsoNormalCxSpMiddle\" style=\"margin-bottom: 0.0001pt; text-align: justify; line-height: 150%;\"><b>\u201cCorporalidades, procesos de subjetivaci\u00f3n y nuevas metodolog\u00edas etnogr\u00e1ficas\u201d, <\/b>que se presentar\u00e1 en el marco de las <b>XII RAM: Reuni\u00f3n de Antropolog\u00eda del Mercosur <\/b><strong>del 04 al 07 de diciembre de 2017, en Posadas, Misiones<\/strong><\/div>\n<div class=\"m_5092343862087113228m_8671275304198468181yiv4626217090gmail-MsoNormalCxSpMiddle\" style=\"margin-bottom: 0.0001pt; text-align: justify; line-height: 150%;\">&nbsp;<\/div>\n<div class=\"m_5092343862087113228m_8671275304198468181yiv4626217090gmail-MsoNormalCxSpMiddle\" style=\"margin-bottom: 0.0001pt; text-align: justify; line-height: 150%;\"><b><u>FECHA L\u00cdMITE:&nbsp; <del>10 DE JULIO <\/del><\/u><\/b><\/p>\n<h6>Les recordamos que el plazo de env\u00edo de res\u00famenes para Grupos de Trabajo vence el lunes 24 de julio<\/h6>\n<p><b><u><del><br \/>\n<\/del><\/u><\/b><\/div>\n<div class=\"m_5092343862087113228m_8671275304198468181yiv4626217090gmail-MsoNormalCxSpMiddle\" style=\"margin-bottom: 0.0001pt; text-align: justify; line-height: 150%;\"><b>&nbsp;<\/b><\/div>\n<div class=\"m_5092343862087113228m_8671275304198468181yiv4626217090gmail-MsoNormalCxSpMiddle\" style=\"margin-bottom: 0.0001pt; text-align: justify; line-height: 150%;\"><b>Fundamentaci\u00f3n:<\/b><\/div>\n<div class=\"m_5092343862087113228m_8671275304198468181yiv4626217090gmail-MsoNormalCxSpMiddle\" style=\"margin-bottom: 0.0001pt; text-align: justify; line-height: 150%;\">&nbsp;<\/div>\n<div>Dentro del \u00e1mbito de las investigaciones socioantropol\u00f3gicas realizadas en el marco de lo que, desde hace algunos a\u00f1os, identificamos como una antropolog\u00eda de y desde los cuerpos, venimos reflexionando insistentemente \u2013a partir de diversos materiales etnogr\u00e1ficos\u2013 sobre los modos en que las corporalidades son generadoras de reflexividades, saberes y agencias. Esta perspectiva cr\u00edtica ha identificado y reconocido los l\u00edmites de los paradigmas dualistas del racionalismo hegem\u00f3nico cristalizado por la modernidad occidental. En este sentido, se vienen desarrollando, cada vez con mayor profundidad y comprensi\u00f3n etnogr\u00e1fica, aproximaciones que privilegian la experiencia y que destacan el papel activo que la dimensi\u00f3n sensorio-corporal juega en la constituci\u00f3n del conocimiento y del mundo social.<\/div>\n<p><!--more--><\/p>\n<div>Esta revalorizaci\u00f3n permite, por un lado, entender que si bien la experiencia vivida es atravesada por representaciones culturales y dispositivos de regulaci\u00f3n social, lo vivido, al ser pre-objetivo, no es reducible al discurso y puede producir transformaciones significativas. De este modo, es posible comprender c\u00f3mo el entrenamiento en nuevas t\u00e9cnicas corporales es capaz de promover novedosas formas de subjetivaci\u00f3n al transformar los habitus (Bourdieu 1991) en los que fueron socializados previamente los individuos. Por otro lado, ha fomentado estudios sobre el rol de la corporalidad y las emociones en la construcci\u00f3n de conocimientos, articulando la reflexi\u00f3n te\u00f3rico-conceptual basada en la palabra con aquella que surge del cuerpo, ya que se plantea la importancia epistemol\u00f3gica de recuperar los saberes sensoriales, perceptivos y kin\u00e9sicos de la vivencia etnogr\u00e1fica que a menudo quedan invisibilizados por la tradici\u00f3n acad\u00e9mica, de fuerte inspiraci\u00f3n racionalista.<\/div>\n<div>En un sentido similar, ciertos investigadores \u2013y sobre todo aquellos que conforman la Red Latinoamericana de Antropolog\u00eda de y desde los cuerpos\u2013 han impulsado estudios de performances culturales cuyos modos de saber-hacer ponen en evidencia el predominio de una tendencia a no escindir la raz\u00f3n de la emoci\u00f3n, la palabra del movimiento corporal y\/o la teor\u00eda de la pr\u00e1ctica. Estas experiencias, han promovido la exploraci\u00f3n de los v\u00ednculos entre los modos de conocimiento basados principalmente en la lecto-escritura y la oralidad, y un conjunto de nuevas metodolog\u00edas diversas que, en un intento por comenzar a sistematizarlas, recientemente han sido definidas como \u201cperformance-investigaci\u00f3n\u201d (Citro y equipo, 2016). Se incluyen en esta modalidad las pr\u00e1cticas investigativas y pedag\u00f3gicas que son especialmente dise\u00f1adas para integrar las dimensiones sensoriales, afectivas y cognitivas de la experiencia, a trav\u00e9s de la exploraci\u00f3n de la diversidad de gestos, movimientos y sonoridades de los que es capaz nuestro cuerpo, buscando propiciar nuevos procesos de indagaci\u00f3n, creaci\u00f3n y divulgaci\u00f3n del conocimiento.<\/div>\n<div class=\"m_5092343862087113228m_8671275304198468181yiv4626217090MsoNormal\" style=\"margin-bottom: 0.0001pt; text-align: justify; text-indent: 21.3pt;\">&nbsp;<\/div>\n<div>Este Grupo de Trabajo \u2013cuyas reflexiones han comenzado en las sesiones de la RAM 2007 con continuidad en las ediciones 2009,&nbsp; 2011, 2013 y 2015\u2013 se propone, en esta oportunidad, convocar presentaciones basadas en investigaciones que se centren en la capacidad productiva que adquiere la corporalidad desde estos enfoques. Principalmente, pero no excluyentemente, a trav\u00e9s de tres ejes:<\/div>\n<div>&nbsp;<\/div>\n<div class=\"m_5092343862087113228m_8671275304198468181yiv4626217090MsoNormal\" style=\"margin: 0cm 0cm 0.0001pt 36pt; text-align: justify; text-indent: 21.3pt; line-height: normal;\"><span style=\"font-family: Symbol;\">\u00b7<span style=\"font-stretch: normal; font-size: 7pt; line-height: normal;\">&nbsp;&nbsp;&nbsp;&nbsp;&nbsp; <\/span><\/span>Etnograf\u00edas que focalicen en pr\u00e1cticas corporales y procesos de subjetivaci\u00f3n;<\/div>\n<div class=\"m_5092343862087113228m_8671275304198468181yiv4626217090MsoNormal\" style=\"margin: 0cm 0cm 0.0001pt 36pt; text-align: justify; text-indent: 21.3pt; line-height: normal;\"><span style=\"font-family: Symbol;\">\u00b7<span style=\"font-stretch: normal; font-size: 7pt; line-height: normal;\">&nbsp;&nbsp;&nbsp;&nbsp;&nbsp; <\/span><\/span>Abordajes que analicen en qu\u00e9 medida y c\u00f3mo la corporalidad d@&nbsp; etn\u00f3graf@ participa en la experiencia de trabajo de campo;<\/div>\n<div class=\"m_5092343862087113228m_8671275304198468181yiv4626217090MsoNormal\" style=\"margin: 0cm 0cm 0.0001pt 36pt; text-align: justify; text-indent: 21.3pt; line-height: normal;\"><span style=\"font-family: Symbol;\">\u00b7<span style=\"font-stretch: normal; font-size: 7pt; line-height: normal;\">&nbsp;&nbsp;&nbsp;&nbsp;&nbsp; <\/span><\/span>Desarrollos te\u00f3ricos-metodol\u00f3gicos basados en nuevas pr\u00e1cticas investigativas y pedag\u00f3gicas que prioricen las dimensiones sensoriales, afectivas y cognitivas de la experiencia, presentes en toda investigaci\u00f3n etnogr\u00e1fica.<\/div>\n<div class=\"m_5092343862087113228m_8671275304198468181yiv4626217090gmail-MsoNormalCxSpMiddle\" style=\"margin-left: 14.1pt; text-align: justify; text-indent: 21.3pt;\">&nbsp;<\/div>\n<div>Se aceptan y promueven modalidades de presentaci\u00f3n que ensayen estas nuevas formas metodol\u00f3gicas y de divulgaci\u00f3n del conocimiento antropol\u00f3gico (formato oral, audiovisual, perform\u00e1tico u otros). En tal caso, especificar en los res\u00famenes los requerimientos, y enviar junto con el escrito fichas t\u00e9cnicas y\/o audiovisuales para poder realizar la selecci\u00f3n.<\/div>\n<div>&nbsp;<\/div>\n<div id=\"m_5092343862087113228m_8671275304198468181yui_3_16_0_ym19_1_1499451491485_54183\" class=\"m_5092343862087113228m_8671275304198468181yiv4626217090gmail-MsoNormalCxSpMiddle\" style=\"margin-bottom: 0.0001pt; text-align: justify; line-height: 150%;\"><b>Coordinaci\u00f3n: <\/b><\/div>\n<div class=\"m_5092343862087113228m_8671275304198468181yiv4626217090gmail-MsoNormalCxSpMiddle\" style=\"margin-bottom: 0.0001pt; text-align: justify; line-height: 150%;\"><b>Dr. Jos\u00e9 Bizerril<\/b> (UniCEUB -Brasil)<\/div>\n<div class=\"m_5092343862087113228m_8671275304198468181yiv4626217090gmail-MsoNormalCxSpMiddle\" style=\"text-align: justify; line-height: 150%;\"><b>Dra. Patricia Aschieri<\/b> (UBA, UNTREF &#8211; Argentina)<\/div>\n<div class=\"m_5092343862087113228m_8671275304198468181yiv4626217090gmail-MsoNormalCxSpMiddle\" style=\"margin-bottom: 0.0001pt; text-align: justify; line-height: 150%;\"><b>Dra. Manuela Rodriguez<\/b> (UNR \u2013 CONICET &#8211; Argentina)<\/div>\n<div class=\"m_5092343862087113228m_8671275304198468181yiv4626217090gmail-MsoNormalCxSpMiddle\" style=\"margin-bottom: 0.0001pt; text-align: justify; line-height: 150%;\"><b>Dr. Hilderman Cardona Rodas <\/b>(UDEM-Colombia)<\/div>\n<div class=\"m_5092343862087113228m_8671275304198468181yiv4626217090gmail-MsoNormalCxSpMiddle\" style=\"margin-bottom: 0.0001pt; text-align: justify; line-height: 150%;\">Miembros de la Red Latinoamericana de Antropolog\u00eda de y desde los cuerpos (<a href=\"http:\/\/www.red.antropologiadelcuerpo.com\/\" target=\"_blank\" rel=\"nofollow noopener noreferrer\" shape=\"rect\" data-saferedirecturl=\"https:\/\/www.google.com\/url?hl=es&amp;q=http:\/\/www.red.antropologiadelcuerpo.com\/&amp;source=gmail&amp;ust=1499633465232000&amp;usg=AFQjCNEdGbe5Dxr1RgIVarwADmkxg1_B7g\">www.red.antropologiadelcuerpo<wbr>.com<\/a>)<\/div>\n<div class=\"m_5092343862087113228m_8671275304198468181yiv4626217090gmail-MsoNormalCxSpMiddle\" style=\"margin-bottom: 0.0001pt; text-align: justify; line-height: 150%;\"><b>&nbsp;<\/b><\/div>\n<div class=\"m_5092343862087113228m_8671275304198468181yiv4626217090gmail-MsoNormalCxSpMiddle\" style=\"margin-bottom: 0.0001pt; text-align: justify; line-height: 150%;\"><b>Comentaristas<\/b>:<\/div>\n<div class=\"m_5092343862087113228m_8671275304198468181yiv4626217090gmail-MsoNormalCxSpMiddle\" style=\"margin-bottom: 0.0001pt; text-align: justify; line-height: 150%;\">Dra. Silvia Citro (UBA-CONICET-Argentina)<\/div>\n<div class=\"m_5092343862087113228m_8671275304198468181yiv4626217090gmail-MsoNormalCxSpMiddle\" style=\"margin-bottom: 0.0001pt; text-align: justify; line-height: 150%;\">Dra. Sabrina Mora (UNLP-CONICET-Argentina)<\/div>\n<div class=\"m_5092343862087113228m_8671275304198468181yiv4626217090gmail-MsoNormalCxSpMiddle\" style=\"margin-bottom: 0.0001pt; text-align: justify; line-height: 150%;\">Dr. Daniel Casta\u00f1o Zapata (UDEM-Colombia)<\/div>\n<div class=\"m_5092343862087113228m_8671275304198468181yiv4626217090gmail-MsoNormalCxSpMiddle\" style=\"margin-bottom: 0.0001pt; text-align: justify; line-height: 150%;\">Dra. Elsa Mu\u00f1iz &nbsp;(UAM-Mexico)<\/div>\n","protected":false},"excerpt":{"rendered":"<p>&nbsp; \u201cCorporalidades, procesos de subjetivaci\u00f3n y nuevas metodolog\u00edas etnogr\u00e1ficas\u201d, que se presentar\u00e1 en el marco de las XII RAM: Reuni\u00f3n de Antropolog\u00eda del Mercosur del 04 al 07 de diciembre de 2017, en Posadas, Misiones &nbsp; FECHA L\u00cdMITE:&nbsp; 10 DE JULIO Les recordamos que el plazo de env\u00edo de res\u00famenes para Grupos de Trabajo vence &hellip; <\/p>\n<p class=\"link-more\"><a href=\"https:\/\/red.antropologiadelcuerpo.com\/index.php\/gt-corporalidades-procesos-de-subjetivacion-y-nuevas-metodologias-etnograficas-xii-ram\/\" class=\"more-link\">Continuar leyendo<span class=\"screen-reader-text\"> \u00abGT-Corporalidades, procesos de subjetivaci\u00f3n y nuevas metodolog\u00edas etnogr\u00e1ficas &#8211; XII RAM\u00bb<\/span><\/a><\/p>\n","protected":false},"author":3,"featured_media":0,"comment_status":"closed","ping_status":"open","sticky":false,"template":"","format":"standard","meta":{"ngg_post_thumbnail":0,"footnotes":""},"categories":[19],"tags":[496,529,412],"class_list":["post-4258","post","type-post","status-publish","format-standard","hentry","category-congresos","tag-496","tag-misiones","tag-ram"],"_links":{"self":[{"href":"https:\/\/red.antropologiadelcuerpo.com\/index.php\/wp-json\/wp\/v2\/posts\/4258","targetHints":{"allow":["GET"]}}],"collection":[{"href":"https:\/\/red.antropologiadelcuerpo.com\/index.php\/wp-json\/wp\/v2\/posts"}],"about":[{"href":"https:\/\/red.antropologiadelcuerpo.com\/index.php\/wp-json\/wp\/v2\/types\/post"}],"author":[{"embeddable":true,"href":"https:\/\/red.antropologiadelcuerpo.com\/index.php\/wp-json\/wp\/v2\/users\/3"}],"replies":[{"embeddable":true,"href":"https:\/\/red.antropologiadelcuerpo.com\/index.php\/wp-json\/wp\/v2\/comments?post=4258"}],"version-history":[{"count":4,"href":"https:\/\/red.antropologiadelcuerpo.com\/index.php\/wp-json\/wp\/v2\/posts\/4258\/revisions"}],"predecessor-version":[{"id":4269,"href":"https:\/\/red.antropologiadelcuerpo.com\/index.php\/wp-json\/wp\/v2\/posts\/4258\/revisions\/4269"}],"wp:attachment":[{"href":"https:\/\/red.antropologiadelcuerpo.com\/index.php\/wp-json\/wp\/v2\/media?parent=4258"}],"wp:term":[{"taxonomy":"category","embeddable":true,"href":"https:\/\/red.antropologiadelcuerpo.com\/index.php\/wp-json\/wp\/v2\/categories?post=4258"},{"taxonomy":"post_tag","embeddable":true,"href":"https:\/\/red.antropologiadelcuerpo.com\/index.php\/wp-json\/wp\/v2\/tags?post=4258"}],"curies":[{"name":"wp","href":"https:\/\/api.w.org\/{rel}","templated":true}]}}