{"id":4173,"date":"2017-04-29T16:49:57","date_gmt":"2017-04-29T19:49:57","guid":{"rendered":"http:\/\/red.antropologiadelcuerpo.com\/?p=4173"},"modified":"2017-04-29T16:57:09","modified_gmt":"2017-04-29T19:57:09","slug":"xiv-jornadas-rosarinas-de-antropologia-socio-cultural","status":"publish","type":"post","link":"https:\/\/red.antropologiadelcuerpo.com\/index.php\/xiv-jornadas-rosarinas-de-antropologia-socio-cultural\/","title":{"rendered":"XIV Jornadas Rosarinas de Antropologia Socio-Cultural"},"content":{"rendered":"<p>UNIVERSIDAD NACIONAL DE ROSARIO<br \/>\nFACULTAD DE HUMANIDADES Y ARTES<br \/>\nDEPARTAMENTO de ANTROPOLOG\u00cdA SOCIO-CULTURAL<br \/>\nXIV JORNADAS ROSARINAS DE ANTROPOLOG\u00cdA SOCIO-CULTURAL<\/p>\n<p>\u201cAntropolog\u00eda(s) en el contexto sociopol\u00edtico actual. Debates y desaf\u00edos en clave latinoamericana\u201d<\/p>\n<p><strong>Rosario, 5 y 6 de Octubre de 2017<\/strong><\/p>\n<p><strong>ET 5 &#8211; Antropolog\u00eda del Cuerpo y Performance<\/strong><\/p>\n<p>La comisi\u00f3n de trabajo \u00abAntropolog\u00eda del Cuerpo y Performance\u00bb propone reflexionar sobre las pr\u00e1cticas y representaciones corporales, ya sea que \u00e9stas constituyan un objeto espec\u00edfico de investigaci\u00f3n o una dimensi\u00f3n anal\u00edtica que se integra al estudio de diversos fen\u00f3menos sociales. Tambi\u00e9n, sobre aquellos estudios que han privilegiado la experiencia, destacando el papel activo que la dimensi\u00f3n sensorio-corporal juega en la constituci\u00f3n del conocimiento y del mundo social. Asimismo, es nuestro deseo redimensionar los estudios sobre el cuerpo revisitando la noci\u00f3n de performatividad, como aquel proceso repetitivo de materializaci\u00f3n de los cuerpos en contextos socioculturales espec\u00edficos que est\u00e1n marcados por diferenciaciones sexo-gen\u00e9ricas, etno-raciales, de clase, entre otras. As\u00ed, se invita a discutir trabajos que refieran a estas problem\u00e1ticas te\u00f3ricas y metodol\u00f3gicas, as\u00ed como a enfoques interdisciplinarios sobre el cuerpo y la performatividad. Nuestra intenci\u00f3n es incluir trabajos que se encuentren en diferentes etapas del proceso de investigaci\u00f3n: proyectos, estudios en curso y resultados parciales o finales de investigaci\u00f3n.<!--more--><br \/>\nAdem\u00e1s, con el objetivo de intercambiar metodolog\u00edas y teor\u00edas que aborden la corporalidad situada desde enfoques interdisciplinarios, proponemos que las modalidades de presentaci\u00f3n sean tanto orales como en otros formatos (sonoros, visuales, gr\u00e1ficos, perform\u00e1ticos, o una mixtura de ellos), y que sean necesariamente el correlato de investigaciones individuales o grupales. Los grupos de trabajo que sesionar\u00e1n durante las jornadas estar\u00e1n organizados sobre m\u00f3dulos tem\u00e1ticos que incluir\u00e1n estos distintos formatos de presentaci\u00f3n, con la idea de que haya comentarios y discusiones que giren en torno al tema y a su modo de exponerlo\/presenciarlo. Los interesados en presentar trabajos en cualquiera de las modalidades deber\u00e1n enviar un RESUMEN como est\u00e1 estipulado para las Jornadas, pero adem\u00e1s, se deber\u00e1 especificar: modalidad de presentaci\u00f3n, CV resumido del participante\/s de no m\u00e1s de 5 l\u00edneas, y un fragmento o descripci\u00f3n detallada del tipo de presentaci\u00f3n a realizar (si no es exclusivamente oral) a modo de poder efectuar la selecci\u00f3n.<\/p>\n<p>Coordinaci\u00f3n: Dra. Manuela Rodr\u00edguez, Lic. Yanina Mennelli y Malena Oneglia (\u00c1rea<br \/>\nAntropolog\u00eda del Cuerpo, Escuela de Antropolog\u00eda, UNR)<br \/>\nComentaristas: Lic. Julia Broguet, Prof. Marcos Peralta, Mg. Paula Drenkard<br \/>\nE-mail: areadelcuerpo@yahoo.com.ar<\/p>\n<p>2\u00ba CIRCULAR<\/p>\n<p>&nbsp;<\/p>\n<p><a href=\"https:\/\/red.antropologiadelcuerpo.com\/wp-content\/uploads\/2\u00b0-Circular-14\u00b0-Jornadas-Rosarinas.pdf\" target=\"_blank\" rel=\"noopener noreferrer\">2\u00b0 Circular 14\u00b0 Jornadas Rosarinas<\/a><\/p>\n<div class=\"ose-wrapper ose-uid-83ffff2f75933670c25dea6f4cc467e4 ose-embedpress-responsive\" style=\"width:600px; height:550px; max-height:550px; max-width:100%; display:inline-block;\" data-embed-type=\"document_pdf\"><iframe loading=\"lazy\" allowFullScreen=\"true\" width=\"600\" height=\"550\" src=\"https:\/\/red.antropologiadelcuerpo.com\/wp-content\/uploads\/2\u00b0-Circular-14\u00b0-Jornadas-Rosarinas.pdf\" > <\/iframe><\/div>\n","protected":false},"excerpt":{"rendered":"<p>UNIVERSIDAD NACIONAL DE ROSARIO FACULTAD DE HUMANIDADES Y ARTES DEPARTAMENTO de ANTROPOLOG\u00cdA SOCIO-CULTURAL XIV JORNADAS ROSARINAS DE ANTROPOLOG\u00cdA SOCIO-CULTURAL \u201cAntropolog\u00eda(s) en el contexto sociopol\u00edtico actual. Debates y desaf\u00edos en clave latinoamericana\u201d Rosario, 5 y 6 de Octubre de 2017 ET 5 &#8211; Antropolog\u00eda del Cuerpo y Performance La comisi\u00f3n de trabajo \u00abAntropolog\u00eda del Cuerpo y &hellip; <\/p>\n<p class=\"link-more\"><a href=\"https:\/\/red.antropologiadelcuerpo.com\/index.php\/xiv-jornadas-rosarinas-de-antropologia-socio-cultural\/\" class=\"more-link\">Continuar leyendo<span class=\"screen-reader-text\"> \u00abXIV Jornadas Rosarinas de Antropologia Socio-Cultural\u00bb<\/span><\/a><\/p>\n","protected":false},"author":3,"featured_media":0,"comment_status":"closed","ping_status":"open","sticky":false,"template":"","format":"standard","meta":{"ngg_post_thumbnail":0,"footnotes":""},"categories":[19],"tags":[496,311],"class_list":["post-4173","post","type-post","status-publish","format-standard","hentry","category-congresos","tag-496","tag-jornadas-rosarinas"],"_links":{"self":[{"href":"https:\/\/red.antropologiadelcuerpo.com\/index.php\/wp-json\/wp\/v2\/posts\/4173","targetHints":{"allow":["GET"]}}],"collection":[{"href":"https:\/\/red.antropologiadelcuerpo.com\/index.php\/wp-json\/wp\/v2\/posts"}],"about":[{"href":"https:\/\/red.antropologiadelcuerpo.com\/index.php\/wp-json\/wp\/v2\/types\/post"}],"author":[{"embeddable":true,"href":"https:\/\/red.antropologiadelcuerpo.com\/index.php\/wp-json\/wp\/v2\/users\/3"}],"replies":[{"embeddable":true,"href":"https:\/\/red.antropologiadelcuerpo.com\/index.php\/wp-json\/wp\/v2\/comments?post=4173"}],"version-history":[{"count":7,"href":"https:\/\/red.antropologiadelcuerpo.com\/index.php\/wp-json\/wp\/v2\/posts\/4173\/revisions"}],"predecessor-version":[{"id":4178,"href":"https:\/\/red.antropologiadelcuerpo.com\/index.php\/wp-json\/wp\/v2\/posts\/4173\/revisions\/4178"}],"wp:attachment":[{"href":"https:\/\/red.antropologiadelcuerpo.com\/index.php\/wp-json\/wp\/v2\/media?parent=4173"}],"wp:term":[{"taxonomy":"category","embeddable":true,"href":"https:\/\/red.antropologiadelcuerpo.com\/index.php\/wp-json\/wp\/v2\/categories?post=4173"},{"taxonomy":"post_tag","embeddable":true,"href":"https:\/\/red.antropologiadelcuerpo.com\/index.php\/wp-json\/wp\/v2\/tags?post=4173"}],"curies":[{"name":"wp","href":"https:\/\/api.w.org\/{rel}","templated":true}]}}