{"id":3955,"date":"2016-07-29T21:31:38","date_gmt":"2016-07-30T00:31:38","guid":{"rendered":"http:\/\/red.antropologiadelcuerpo.com\/?p=3955"},"modified":"2016-07-29T21:45:37","modified_gmt":"2016-07-30T00:45:37","slug":"intervecion-performatica-por-el-primer-ni-una-menos","status":"publish","type":"post","link":"https:\/\/red.antropologiadelcuerpo.com\/index.php\/intervecion-performatica-por-el-primer-ni-una-menos\/","title":{"rendered":"Intervenci\u00f3n perform\u00e1tica por \u00abEl primer Ni Una Menos\u00bb"},"content":{"rendered":"<div>Los invitamos a compartir la intervenci\u00f3n perform\u00e1tica de nuestro grupo en el cierre de la muestra fotogr\u00e1fica del <i>Ojo Dentado<\/i> sobre <i>El Primer Ni Una Menos<\/i>, en Tierra Violeta, Tacuar\u00ed 538, San Telmo.<\/div>\n<div><\/div>\n<div dir=\"ltr\">A partir de las 20.30 est\u00e1 abierto el espacio para ver las fotos y videos y nuestra intervenci\u00f3n ser\u00e1 21.30, aprox. Lxs esperamos!<\/div>\n<div dir=\"ltr\"><\/div>\n<div dir=\"ltr\">Saludos!,<\/div>\n<div dir=\"ltr\"><\/div>\n<div dir=\"ltr\"><i>Equipo de Antropologia del Cuerpo y la Performance<\/i><\/div>\n<div dir=\"ltr\">ICA, FFyL, UBA.<\/div>\n<p><a href=\"https:\/\/www.facebook.com\/events\/1742445456026712\/\" target=\"_blank\" rel=\"nofollow\">https:\/\/www.facebook.com\/events\/1742445456026712\/<\/a><\/p>\n<p><img loading=\"lazy\" decoding=\"async\" class=\"aligncenter size-large wp-image-3956\" src=\"https:\/\/red.antropologiadelcuerpo.com\/wp-content\/uploads\/Ni-ina-Menos-en-tierra-Violeta-30-07-16-1024x537.jpg\" alt=\"Ni ina Menos en tierra Violeta 30 07 16\" width=\"584\" height=\"306\" srcset=\"https:\/\/red.antropologiadelcuerpo.com\/wp-content\/uploads\/Ni-ina-Menos-en-tierra-Violeta-30-07-16-1024x537.jpg 1024w, https:\/\/red.antropologiadelcuerpo.com\/wp-content\/uploads\/Ni-ina-Menos-en-tierra-Violeta-30-07-16-300x157.jpg 300w, https:\/\/red.antropologiadelcuerpo.com\/wp-content\/uploads\/Ni-ina-Menos-en-tierra-Violeta-30-07-16-768x402.jpg 768w, https:\/\/red.antropologiadelcuerpo.com\/wp-content\/uploads\/Ni-ina-Menos-en-tierra-Violeta-30-07-16-500x262.jpg 500w, https:\/\/red.antropologiadelcuerpo.com\/wp-content\/uploads\/Ni-ina-Menos-en-tierra-Violeta-30-07-16.jpg 2048w\" sizes=\"auto, (max-width: 584px) 100vw, 584px\" \/><\/p>\n<p>[wpsr_addthis]<\/p>\n","protected":false},"excerpt":{"rendered":"<p>Los invitamos a compartir la intervenci\u00f3n perform\u00e1tica de nuestro grupo en el cierre de la muestra fotogr\u00e1fica del Ojo Dentado sobre El Primer Ni Una Menos, en Tierra Violeta, Tacuar\u00ed 538, San Telmo. A partir de las 20.30 est\u00e1 abierto el espacio para ver las fotos y videos y nuestra intervenci\u00f3n ser\u00e1 21.30, aprox. Lxs &hellip; <\/p>\n<p class=\"link-more\"><a href=\"https:\/\/red.antropologiadelcuerpo.com\/index.php\/intervecion-performatica-por-el-primer-ni-una-menos\/\" class=\"more-link\">Continuar leyendo<span class=\"screen-reader-text\"> \u00abIntervenci\u00f3n perform\u00e1tica por \u00abEl primer Ni Una Menos\u00bb\u00bb<\/span><\/a><\/p>\n","protected":false},"author":3,"featured_media":0,"comment_status":"closed","ping_status":"open","sticky":false,"template":"","format":"standard","meta":{"ngg_post_thumbnail":0,"footnotes":""},"categories":[277],"tags":[466,483,484,77],"class_list":["post-3955","post","type-post","status-publish","format-standard","hentry","category-novedades","tag-niunamenos","tag-intervencion","tag-ni-una-menos","tag-performance"],"_links":{"self":[{"href":"https:\/\/red.antropologiadelcuerpo.com\/index.php\/wp-json\/wp\/v2\/posts\/3955","targetHints":{"allow":["GET"]}}],"collection":[{"href":"https:\/\/red.antropologiadelcuerpo.com\/index.php\/wp-json\/wp\/v2\/posts"}],"about":[{"href":"https:\/\/red.antropologiadelcuerpo.com\/index.php\/wp-json\/wp\/v2\/types\/post"}],"author":[{"embeddable":true,"href":"https:\/\/red.antropologiadelcuerpo.com\/index.php\/wp-json\/wp\/v2\/users\/3"}],"replies":[{"embeddable":true,"href":"https:\/\/red.antropologiadelcuerpo.com\/index.php\/wp-json\/wp\/v2\/comments?post=3955"}],"version-history":[{"count":4,"href":"https:\/\/red.antropologiadelcuerpo.com\/index.php\/wp-json\/wp\/v2\/posts\/3955\/revisions"}],"predecessor-version":[{"id":3960,"href":"https:\/\/red.antropologiadelcuerpo.com\/index.php\/wp-json\/wp\/v2\/posts\/3955\/revisions\/3960"}],"wp:attachment":[{"href":"https:\/\/red.antropologiadelcuerpo.com\/index.php\/wp-json\/wp\/v2\/media?parent=3955"}],"wp:term":[{"taxonomy":"category","embeddable":true,"href":"https:\/\/red.antropologiadelcuerpo.com\/index.php\/wp-json\/wp\/v2\/categories?post=3955"},{"taxonomy":"post_tag","embeddable":true,"href":"https:\/\/red.antropologiadelcuerpo.com\/index.php\/wp-json\/wp\/v2\/tags?post=3955"}],"curies":[{"name":"wp","href":"https:\/\/api.w.org\/{rel}","templated":true}]}}