{"id":3875,"date":"2016-02-16T23:53:18","date_gmt":"2016-02-17T02:53:18","guid":{"rendered":"http:\/\/red.antropologiadelcuerpo.com\/?p=3875"},"modified":"2020-09-12T00:10:47","modified_gmt":"2020-09-12T03:10:47","slug":"nadia-marlene-rosas-chavez","status":"publish","type":"post","link":"https:\/\/red.antropologiadelcuerpo.com\/index.php\/nadia-marlene-rosas-chavez\/","title":{"rendered":"Nadia Marlene Rosas Ch\u00e1vez"},"content":{"rendered":"<p><a href=\"https:\/\/red.antropologiadelcuerpo.com\/wp-content\/uploads\/NMRCH.jpg\"><img loading=\"lazy\" decoding=\"async\" class=\"alignleft wp-image-6081 size-medium\" src=\"https:\/\/red.antropologiadelcuerpo.com\/wp-content\/uploads\/NMRCH-e1599879902501-268x300.jpg\" alt=\"\" width=\"268\" height=\"300\" srcset=\"https:\/\/red.antropologiadelcuerpo.com\/wp-content\/uploads\/NMRCH-e1599879902501-268x300.jpg 268w, https:\/\/red.antropologiadelcuerpo.com\/wp-content\/uploads\/NMRCH-e1599879902501-915x1024.jpg 915w, https:\/\/red.antropologiadelcuerpo.com\/wp-content\/uploads\/NMRCH-e1599879902501-768x859.jpg 768w, https:\/\/red.antropologiadelcuerpo.com\/wp-content\/uploads\/NMRCH-e1599879902501.jpg 918w\" sizes=\"auto, (max-width: 268px) 100vw, 268px\" \/><\/a>Actualmente, estudiante del Posgrado Integral en Ciencia Sociales con especialidad en Estudios Rurales en el Colegio de Michoac\u00e1n (COLMICH), Maestra en Estudios de G\u00e9nero por el Colegio de M\u00e9xico (COLMEX) y Licenciada en Psicolog\u00eda por la Universidad de Colima&nbsp;. Colaboradora en diversos peri\u00f3dicos impresos y en l\u00ednea con columnas sobre feminismos y g\u00e9nero, he participado como militante en organizaciones feministas e impartido conferencias, talleres y diplomados sobre g\u00e9nero y feminismo. He publicado art\u00edculos sobre corporalidades, maternidades y diversidad sexual.<\/p>\n<p><b>L\u00edneas de investigaci\u00f3n<\/b>: corporalidades, emociones, feminismos, g\u00e9nero, subjetividades y sexualidades no normativas, locura.<\/p>\n<p>Contacto:&nbsp; mar_aidan82@hotmail.com \/&nbsp;&nbsp;nadiamchavez7@gmail.com<!--more--><\/p>\n<p>Publicaciones:<\/p>\n<p>Experiencias maternas: significado de las maternidades l\u00e9sbicas desde el cuerpo y las emociones.Art\u00edculo publicado en: Revista multidisciplinaria de estudios de g\u00e9nero AL SUR DE TODO, Revista 9, Marzo 23, 2014.URL: <a href=\"http:\/\/www.alsurdetodo.com\/?p=1321\" target=\"_blank\" rel=\"noopener noreferrer\">http:\/\/www.alsurdetodo.com\/?p=1321<\/a><\/p>\n<div class=\"gmail_default\"><b>Una mirada sociol\u00f3gica desde el cuerpo y las emociones a las maternidades l\u00e9sbicas<\/b>&nbsp;&nbsp;<a href=\"https:\/\/www.academia.edu\/41058091\/Maternidades_l%C3%A9sbicas\" target=\"_blank\" rel=\"noopener noreferrer\" data-saferedirecturl=\"https:\/\/www.google.com\/url?q=https:\/\/www.academia.edu\/41058091\/Maternidades_l%25C3%25A9sbicas&amp;source=gmail&amp;ust=1599957280356000&amp;usg=AFQjCNH_BsU9tElw1ysUvKJrVvNLZhj2oQ\">https:\/\/www.<wbr>academia.edu\/41058091\/<wbr>Maternidades_l%C3%A9sbicas<\/a><\/div>\n<div class=\"gmail_default\">&nbsp;<\/div>\n<div class=\"gmail_default\"><b>Quebrantando normas, acercamiento a las maternidades l\u00e9sbicas <\/b><a href=\"https:\/\/www.academia.edu\/44060354\/Quebrantando_Normas_Acercamiento_a_las_Maternidades_L%C3%A9sbicas\" target=\"_blank\" rel=\"noopener noreferrer\" data-saferedirecturl=\"https:\/\/www.google.com\/url?q=https:\/\/www.academia.edu\/44060354\/Quebrantando_Normas_Acercamiento_a_las_Maternidades_L%25C3%25A9sbicas&amp;source=gmail&amp;ust=1599957280356000&amp;usg=AFQjCNHfXxZbSSPmAIQnHo-Ne7J-rvx9Dw\">https:\/\/www.academia.edu\/<wbr>44060354\/Quebrantando_Normas_<wbr>Acercamiento_a_las_<wbr>Maternidades_L%C3%A9sbicas<\/a><\/div>\n<div class=\"gmail_default\">&nbsp;<\/div>\n<div class=\"gmail_default\">\n<div class=\"gmail_default\"><b>Experiencias maternas: significado de las maternidades l\u00e9sbicas desde el cuerpo y las emociones&nbsp;<\/b>&nbsp;<\/div>\n<div class=\"gmail_default\"><a href=\"https:\/\/www.academia.edu\/41058067\/Experiencias_maternas_Significado_de_las_maternidades_l%C3%A9sbicas_desde_el_cuerpo_y_las_emociones\" target=\"_blank\" rel=\"noopener noreferrer\" data-saferedirecturl=\"https:\/\/www.google.com\/url?q=https:\/\/www.academia.edu\/41058067\/Experiencias_maternas_Significado_de_las_maternidades_l%25C3%25A9sbicas_desde_el_cuerpo_y_las_emociones&amp;source=gmail&amp;ust=1599957280356000&amp;usg=AFQjCNHsp7kYYAVsZlnFBFw5OWgNDB0ZcQ\">https:\/\/www.academia.edu\/<wbr>41058067\/Experiencias_<wbr>maternas_Significado_de_las_<wbr>maternidades_l%C3%A9sbicas_<wbr>desde_el_cuerpo_y_las_<wbr>emociones<\/a><\/div>\n<div class=\"gmail_default\">&nbsp;<\/div>\n<div class=\"gmail_default\"><b>Los Cuatrocientos Pueblos\/cuerpos: lectura del movimiento campesino desde el cuerpo masculino&nbsp;<\/b>&nbsp;<\/div>\n<div class=\"gmail_default\"><a href=\"https:\/\/www.academia.edu\/41057960\/Los_Cuatrocientos_Pueblos_cuerpos_lectura_del_movimiento_campesino_desde_el_cuerpo_masculino\" target=\"_blank\" rel=\"noopener noreferrer\" data-saferedirecturl=\"https:\/\/www.google.com\/url?q=https:\/\/www.academia.edu\/41057960\/Los_Cuatrocientos_Pueblos_cuerpos_lectura_del_movimiento_campesino_desde_el_cuerpo_masculino&amp;source=gmail&amp;ust=1599957280356000&amp;usg=AFQjCNHJZU9CKgn0llOUmb4bfyOOAR219A\">https:\/\/www.academia.edu\/<wbr>41057960\/Los_Cuatrocientos_<wbr>Pueblos_cuerpos_lectura_del_<wbr>movimiento_campesino_desde_el_<wbr>cuerpo_masculino<\/a><\/div>\n<div class=\"gmail_default\">&nbsp;<\/div>\n<\/div>\n<div class=\"gmail_default\"><b>Identificaciones trans desde coordenadas fenomenol\u00f3gicas del cuerpo<\/b>&nbsp;<a href=\"https:\/\/www.academia.edu\/44060402\/Reflexiones_sobre_las_identificaciones_trans_desde_coordenadas_fenomenol%C3%B3gicas_del_cuerpo\" target=\"_blank\" rel=\"noopener noreferrer\" data-saferedirecturl=\"https:\/\/www.google.com\/url?q=https:\/\/www.academia.edu\/44060402\/Reflexiones_sobre_las_identificaciones_trans_desde_coordenadas_fenomenol%25C3%25B3gicas_del_cuerpo&amp;source=gmail&amp;ust=1599957280356000&amp;usg=AFQjCNEPzo5zKCSZKc3aTVWS9NgtzItmow\">https:\/\/www.academia.<wbr>edu\/44060402\/Reflexiones_<wbr>sobre_las_identificaciones_<wbr>trans_desde_coordenadas_<wbr>fenomenol%C3%B3gicas_del_<wbr>cuerpo<\/a><\/div>\n<div class=\"gmail_default\">&nbsp;<\/div>\n<div class=\"gmail_default\"><b>\u00abY todos me miran, me miran\u00bb experiencias de <i>chicas trans<\/i> en Colima<\/b><\/div>\n<div class=\"gmail_default\"><a href=\"https:\/\/www.academia.edu\/39521952\/Identidades_Trans_en_Colima\" target=\"_blank\" rel=\"noopener noreferrer\" data-saferedirecturl=\"https:\/\/www.google.com\/url?q=https:\/\/www.academia.edu\/39521952\/Identidades_Trans_en_Colima&amp;source=gmail&amp;ust=1599957280356000&amp;usg=AFQjCNGbmgk0MMBRuF1hSy_ia24Nfu5now\">https:\/\/www.academia.edu\/<wbr>39521952\/Identidades_Trans_en_<wbr>Colima<\/a><\/div>\n<p>&nbsp;<\/p>\n<p>&nbsp;<\/p>\n","protected":false},"excerpt":{"rendered":"<p>Actualmente, estudiante del Posgrado Integral en Ciencia Sociales con especialidad en Estudios Rurales en el Colegio de Michoac\u00e1n (COLMICH), Maestra en Estudios de G\u00e9nero por el Colegio de M\u00e9xico (COLMEX) y Licenciada en Psicolog\u00eda por la Universidad de Colima&nbsp;. Colaboradora en diversos peri\u00f3dicos impresos y en l\u00ednea con columnas sobre feminismos y g\u00e9nero, he participado &hellip; <\/p>\n<p class=\"link-more\"><a href=\"https:\/\/red.antropologiadelcuerpo.com\/index.php\/nadia-marlene-rosas-chavez\/\" class=\"more-link\">Continuar leyendo<span class=\"screen-reader-text\"> \u00abNadia Marlene Rosas Ch\u00e1vez\u00bb<\/span><\/a><\/p>\n","protected":false},"author":3,"featured_media":0,"comment_status":"closed","ping_status":"open","sticky":false,"template":"","format":"standard","meta":{"ngg_post_thumbnail":0,"footnotes":""},"categories":[7,9],"tags":[195,450,56,449],"class_list":["post-3875","post","type-post","status-publish","format-standard","hentry","category-investigadores","category-mexico","tag-corporalidades","tag-diversidad-sexual","tag-emociones","tag-maternidad"],"_links":{"self":[{"href":"https:\/\/red.antropologiadelcuerpo.com\/index.php\/wp-json\/wp\/v2\/posts\/3875","targetHints":{"allow":["GET"]}}],"collection":[{"href":"https:\/\/red.antropologiadelcuerpo.com\/index.php\/wp-json\/wp\/v2\/posts"}],"about":[{"href":"https:\/\/red.antropologiadelcuerpo.com\/index.php\/wp-json\/wp\/v2\/types\/post"}],"author":[{"embeddable":true,"href":"https:\/\/red.antropologiadelcuerpo.com\/index.php\/wp-json\/wp\/v2\/users\/3"}],"replies":[{"embeddable":true,"href":"https:\/\/red.antropologiadelcuerpo.com\/index.php\/wp-json\/wp\/v2\/comments?post=3875"}],"version-history":[{"count":6,"href":"https:\/\/red.antropologiadelcuerpo.com\/index.php\/wp-json\/wp\/v2\/posts\/3875\/revisions"}],"predecessor-version":[{"id":6083,"href":"https:\/\/red.antropologiadelcuerpo.com\/index.php\/wp-json\/wp\/v2\/posts\/3875\/revisions\/6083"}],"wp:attachment":[{"href":"https:\/\/red.antropologiadelcuerpo.com\/index.php\/wp-json\/wp\/v2\/media?parent=3875"}],"wp:term":[{"taxonomy":"category","embeddable":true,"href":"https:\/\/red.antropologiadelcuerpo.com\/index.php\/wp-json\/wp\/v2\/categories?post=3875"},{"taxonomy":"post_tag","embeddable":true,"href":"https:\/\/red.antropologiadelcuerpo.com\/index.php\/wp-json\/wp\/v2\/tags?post=3875"}],"curies":[{"name":"wp","href":"https:\/\/api.w.org\/{rel}","templated":true}]}}