{"id":3799,"date":"2015-10-09T23:18:57","date_gmt":"2015-10-10T02:18:57","guid":{"rendered":"http:\/\/red.antropologiadelcuerpo.com\/?p=3799"},"modified":"2015-10-15T23:24:10","modified_gmt":"2015-10-16T02:24:10","slug":"roberto-luis-alfonso-sabogal","status":"publish","type":"post","link":"https:\/\/red.antropologiadelcuerpo.com\/index.php\/roberto-luis-alfonso-sabogal\/","title":{"rendered":"Roberto Luis Alfonso Sabogal"},"content":{"rendered":"<div><span style=\"font-family: arial,helvetica,sans-serif;\">Mi nombre es Roberto Luis Alfonso Sabogal y soy Antrop\u00f3logo de la Universidad de Los Andes de Bogot\u00e1 (Colombia), con especializaci\u00f3n en Gerencia Social de la Escuela Superior de Administraci\u00f3n P\u00fablica \u2013 ESAP y cuento con experiencia de alrededor de 20 a\u00f1os en procesos de desarrollo social, evaluaci\u00f3n y\u00a0auditoria\u00a0ambiental de\u00a0proyectos\u00a0minero energ\u00e9ticos, procesos de inclusi\u00f3n social y de investigaci\u00f3n y evaluaci\u00f3n en\u00a0entidades p\u00fablicas y privadas en Bogot\u00e1 D.C. y otros departamentos del pa\u00eds y m\u00e1s de diez a\u00f1os de trabajo en docencia universitaria en pregrado y posgrado, en entidades p\u00fablicas y privadas de Bogot\u00e1 D.C. y otras regiones del pa\u00eds.\u00a0<\/span><\/div>\n<p><!--more--><\/p>\n<div>A lo largo de mi experiencia profesional he tenido la fortuna de trabajar con poblaciones diversas (J\u00f3venes en prevenci\u00f3n de consumos de SPA, ni\u00f1as y ni\u00f1os en alta vulnerabilidad, recicladores, mujeres en situaci\u00f3n de prostituci\u00f3n, estudiantes universitarios de sectores urbanos y rurales, estudiantes ind\u00edgenas en la ciudad, poblaciones ind\u00edgenas en estudios etnogr\u00e1ficos y de caracterizaci\u00f3n socio-cultural y en procesos de Consulta Previa, comunidades afectadas por proyectos de desarrollo energ\u00e9tico como hidrocarburos, miner\u00eda y l\u00edneas de transmisi\u00f3n el\u00e9ctrica, entre varias otras), que me han brindado una perspectiva amplia en temas relacionados con manifestaciones culturales urbanas, rurales y de minor\u00edas y grupos \u00e9tnicos.<\/div>\n<p>&nbsp;<\/p>\n<div><\/div>\n<div><\/div>\n<div><span style=\"font-family: arial,helvetica,sans-serif;\">Direcci\u00f3n de e-mail: robertoalfonso.antropologo@<wbr \/>gmail.com &#8211; roberto_mmk@yahoo.com.co<\/span><\/div>\n<div><span style=\"font-family: arial,helvetica,sans-serif;\">\u00a0<\/span><\/div>\n<div><span style=\"font-family: arial,helvetica,sans-serif;\">A<\/span><span style=\"font-family: arial,helvetica,sans-serif;\">reas de investigaci\u00f3n: cuerpo, cultura y desarrollo, identidad, etnicidad y complejidad.<\/span><\/div>\n<div><span style=\"font-family: arial,helvetica,sans-serif;\">\u00a0<\/span><\/div>\n","protected":false},"excerpt":{"rendered":"<p>Mi nombre es Roberto Luis Alfonso Sabogal y soy Antrop\u00f3logo de la Universidad de Los Andes de Bogot\u00e1 (Colombia), con especializaci\u00f3n en Gerencia Social de la Escuela Superior de Administraci\u00f3n P\u00fablica \u2013 ESAP y cuento con experiencia de alrededor de 20 a\u00f1os en procesos de desarrollo social, evaluaci\u00f3n y\u00a0auditoria\u00a0ambiental de\u00a0proyectos\u00a0minero energ\u00e9ticos, procesos de inclusi\u00f3n social &hellip; <\/p>\n<p class=\"link-more\"><a href=\"https:\/\/red.antropologiadelcuerpo.com\/index.php\/roberto-luis-alfonso-sabogal\/\" class=\"more-link\">Continuar leyendo<span class=\"screen-reader-text\"> \u00abRoberto Luis Alfonso Sabogal\u00bb<\/span><\/a><\/p>\n","protected":false},"author":1,"featured_media":0,"comment_status":"closed","ping_status":"open","sticky":false,"template":"","format":"standard","meta":{"ngg_post_thumbnail":0,"footnotes":""},"categories":[22],"tags":[26,439,440,50],"class_list":["post-3799","post","type-post","status-publish","format-standard","hentry","category-colombia","tag-cuerpo","tag-cultura-y-desarrollo","tag-etnicidad-y-complejidad","tag-identidad"],"_links":{"self":[{"href":"https:\/\/red.antropologiadelcuerpo.com\/index.php\/wp-json\/wp\/v2\/posts\/3799","targetHints":{"allow":["GET"]}}],"collection":[{"href":"https:\/\/red.antropologiadelcuerpo.com\/index.php\/wp-json\/wp\/v2\/posts"}],"about":[{"href":"https:\/\/red.antropologiadelcuerpo.com\/index.php\/wp-json\/wp\/v2\/types\/post"}],"author":[{"embeddable":true,"href":"https:\/\/red.antropologiadelcuerpo.com\/index.php\/wp-json\/wp\/v2\/users\/1"}],"replies":[{"embeddable":true,"href":"https:\/\/red.antropologiadelcuerpo.com\/index.php\/wp-json\/wp\/v2\/comments?post=3799"}],"version-history":[{"count":3,"href":"https:\/\/red.antropologiadelcuerpo.com\/index.php\/wp-json\/wp\/v2\/posts\/3799\/revisions"}],"predecessor-version":[{"id":3802,"href":"https:\/\/red.antropologiadelcuerpo.com\/index.php\/wp-json\/wp\/v2\/posts\/3799\/revisions\/3802"}],"wp:attachment":[{"href":"https:\/\/red.antropologiadelcuerpo.com\/index.php\/wp-json\/wp\/v2\/media?parent=3799"}],"wp:term":[{"taxonomy":"category","embeddable":true,"href":"https:\/\/red.antropologiadelcuerpo.com\/index.php\/wp-json\/wp\/v2\/categories?post=3799"},{"taxonomy":"post_tag","embeddable":true,"href":"https:\/\/red.antropologiadelcuerpo.com\/index.php\/wp-json\/wp\/v2\/tags?post=3799"}],"curies":[{"name":"wp","href":"https:\/\/api.w.org\/{rel}","templated":true}]}}