{"id":3561,"date":"2015-02-27T13:29:26","date_gmt":"2015-02-27T16:29:26","guid":{"rendered":"http:\/\/red.antropologiadelcuerpo.com\/?p=3561"},"modified":"2015-02-27T13:29:26","modified_gmt":"2015-02-27T16:29:26","slug":"luciana-masiero","status":"publish","type":"post","link":"https:\/\/red.antropologiadelcuerpo.com\/index.php\/luciana-masiero\/","title":{"rendered":"Luciana Masiero"},"content":{"rendered":"<p style=\"text-align: justify;\"><span style=\"font-family: Arial,sans-serif; font-size: medium;\">Bolsista da Capes de doutorado em Ci\u00eancias Sociais, linha de antropologia, na Universidade de Salamanca na Espanha. Mestre em Antropolog\u00eda de Iberoam\u00e9rica na Universidade de Salamanca (2014). Graduada em Fisioterapia pelo Centro Universit\u00e1rio Metodista &#8211; IPA (2007), Graduada em Educa\u00e7\u00e3o F\u00edsica pela UFRGS (2013). P\u00f3s-graduada em Administra\u00e7\u00e3o Hospitalar e Neg\u00f3cios em Sa\u00fade no IAHCS (2011). Possui Curso de Forma\u00e7\u00e3o em Fisioterapia Dermato-funcional pelo Centro de Estudos VIDA (2012). Participa do Centro de Estudos Ol\u00edmpicos(CEO) da ESEF\/UFRGS como pesquisadora. Presidente do Grupo Internacional de Investiga\u00e7\u00e3o de Antropologia do Corpo (GIIAC).\u00a0<\/span><!--more--><\/p>\n<div style=\"text-align: justify;\"><span style=\"font-family: Arial,sans-serif; font-size: medium;\">Linhas de investiga\u00e7\u00e3o: antropologia do corpo, corpos modificados, cirurgias pl\u00e1sticas, fisioterapia dermatofuncional, tratamentos p\u00f3s-operat\u00f3rios, transtornos psicol\u00f3gicos, aspectos cognitivos, mente-c\u00e9rebro, mitos, etnocirugias e educa\u00e7\u00e3o em sa\u00fade.<\/span><\/div>\n<div>\n<div><span style=\"color: #666666; font-family: Arial,sans-serif; font-size: medium;\">\u00a0<\/span><\/div>\n<p><strong><span style=\"color: #666666; font-family: Arial,sans-serif; font-size: medium;\">Publicaciones:\u00a0<\/span><\/strong><\/p>\n<div><span style=\"color: #666666; font-family: Arial,sans-serif; font-size: medium;\">Masiero, L.M.; Disiuta, P. A. (2007). A percep\u00e7\u00e3o corporal entre homens e mulheres na terceira idade. Trabalho de Conclus\u00e3o de Curso, Curso de Fisioterapia, Centro Universit\u00e1rio Ipa Metodista, Porto Alegre.\u00a0<\/span><\/div>\n<div><span style=\"color: #666666; font-family: Arial,sans-serif; font-size: medium;\">\u00a0<\/span><\/div>\n<div><span style=\"color: #666666; font-family: Arial,sans-serif; font-size: medium;\">Masiero, L. M.; Reppold, A. R. F. (2013). Planejamento do atendimento \u00e0 sa\u00fade em Porto Alegre para a Copa do Mundo de 2014. Trabalho de Conclus\u00e3o de curso, Curso de Educaci\u00f3n F\u00edsica, Universidade Federal do Rio Grande do Sul (UFRGS), Porto Alegre.\u00a0<\/span><\/div>\n<div><span style=\"color: #666666; font-family: Arial,sans-serif; font-size: medium;\">\u00a0<\/span><\/div>\n<div><span style=\"color: #666666; font-family: Arial,sans-serif; font-size: medium;\">Masiero, L. M. (2014). Cuerpos Modificados: Un estudio antropol\u00f3gicos de las cirug\u00edas pl\u00e1sticas y de los tratamientos postoperatorios en Porto Alegre (Brasil). Trabajo Fin de M\u00e1ster, M\u00e1ster de Antropolog\u00eda de Iberoam\u00e9rica, Universidad de Salamanca, Salamanca.\u00a0<\/span><\/div>\n<div><span style=\"color: #666666; font-family: Arial,sans-serif; font-size: medium;\">\u00a0<\/span><\/div>\n<div><span style=\"color: #666666; font-family: Arial,sans-serif; font-size: medium;\">Aguardando aceptaci\u00f3n de 3 art\u00edculos de las revistas de antropolog\u00eda (USP), CSonline y Revista de Antropolog\u00eda de Iberoam\u00e9rica.\u00a0<\/span><\/div>\n<div><span style=\"color: #666666; font-family: Arial,sans-serif; font-size: medium;\">Aguardando aceptaci\u00f3n de la editora de libro <i>\u00abCirug\u00edas Pl\u00e1sticas, Antropolog\u00eda y Fisioterapia: ?C\u00faal es la relaci\u00f3n?<\/i><\/span><\/div>\n<div><span style=\"color: #666666; font-family: Arial,sans-serif; font-size: medium;\">Ser\u00e1 publicado en marzo: Masiero, L.M. (2015). \u00abEtnocirug\u00eda\u00bb: Corre\u00e7\u00e3o ou perfei\u00e7\u00e3o? En: Espina Barrio, A. B (Coord.). 2015. <i>Cuerpo, espacio y cultura en Iberoam\u00e9rica<\/i>, Salamanca: Iacyll.\u00a0<\/span><\/div>\n<div><\/div>\n<div><\/div>\n<div>\n<div>\n<div><span style=\"font-family: Arial,sans-serif; font-size: medium;\"><span style=\"color: #666666;\">Curriculum Vitae disponible en:\u00a0<\/span><a href=\"http:\/\/lattes.cnpq.br\/0355475012995052\" target=\"_blank\">http:\/\/lattes.cnpq.br\/<wbr \/>0355475012995052<\/a><\/span><\/div>\n<\/div>\n<\/div>\n<\/div>\n","protected":false},"excerpt":{"rendered":"<p>Bolsista da Capes de doutorado em Ci\u00eancias Sociais, linha de antropologia, na Universidade de Salamanca na Espanha. Mestre em Antropolog\u00eda de Iberoam\u00e9rica na Universidade de Salamanca (2014). Graduada em Fisioterapia pelo Centro Universit\u00e1rio Metodista &#8211; IPA (2007), Graduada em Educa\u00e7\u00e3o F\u00edsica pela UFRGS (2013). P\u00f3s-graduada em Administra\u00e7\u00e3o Hospitalar e Neg\u00f3cios em Sa\u00fade no IAHCS (2011). &hellip; <\/p>\n<p class=\"link-more\"><a href=\"https:\/\/red.antropologiadelcuerpo.com\/index.php\/luciana-masiero\/\" class=\"more-link\">Continuar leyendo<span class=\"screen-reader-text\"> \u00abLuciana Masiero\u00bb<\/span><\/a><\/p>\n","protected":false},"author":1,"featured_media":0,"comment_status":"closed","ping_status":"open","sticky":false,"template":"","format":"standard","meta":{"ngg_post_thumbnail":0,"footnotes":""},"categories":[113],"tags":[399,400,402,401],"class_list":["post-3561","post","type-post","status-publish","format-standard","hentry","category-espania","tag-cirugia-plastica","tag-educacion-en-salud","tag-etnocirugias","tag-tratamientos-postoperatorios"],"_links":{"self":[{"href":"https:\/\/red.antropologiadelcuerpo.com\/index.php\/wp-json\/wp\/v2\/posts\/3561","targetHints":{"allow":["GET"]}}],"collection":[{"href":"https:\/\/red.antropologiadelcuerpo.com\/index.php\/wp-json\/wp\/v2\/posts"}],"about":[{"href":"https:\/\/red.antropologiadelcuerpo.com\/index.php\/wp-json\/wp\/v2\/types\/post"}],"author":[{"embeddable":true,"href":"https:\/\/red.antropologiadelcuerpo.com\/index.php\/wp-json\/wp\/v2\/users\/1"}],"replies":[{"embeddable":true,"href":"https:\/\/red.antropologiadelcuerpo.com\/index.php\/wp-json\/wp\/v2\/comments?post=3561"}],"version-history":[{"count":2,"href":"https:\/\/red.antropologiadelcuerpo.com\/index.php\/wp-json\/wp\/v2\/posts\/3561\/revisions"}],"predecessor-version":[{"id":3563,"href":"https:\/\/red.antropologiadelcuerpo.com\/index.php\/wp-json\/wp\/v2\/posts\/3561\/revisions\/3563"}],"wp:attachment":[{"href":"https:\/\/red.antropologiadelcuerpo.com\/index.php\/wp-json\/wp\/v2\/media?parent=3561"}],"wp:term":[{"taxonomy":"category","embeddable":true,"href":"https:\/\/red.antropologiadelcuerpo.com\/index.php\/wp-json\/wp\/v2\/categories?post=3561"},{"taxonomy":"post_tag","embeddable":true,"href":"https:\/\/red.antropologiadelcuerpo.com\/index.php\/wp-json\/wp\/v2\/tags?post=3561"}],"curies":[{"name":"wp","href":"https:\/\/api.w.org\/{rel}","templated":true}]}}