{"id":3216,"date":"2014-10-01T23:19:36","date_gmt":"2014-10-02T02:19:36","guid":{"rendered":"http:\/\/red.antropologiadelcuerpo.com\/?p=3216"},"modified":"2014-10-08T22:58:04","modified_gmt":"2014-10-09T01:58:04","slug":"jornadas-de-performance-investigacion","status":"publish","type":"post","link":"https:\/\/red.antropologiadelcuerpo.com\/index.php\/jornadas-de-performance-investigacion\/","title":{"rendered":"Jornadas de Performance-Investigaci\u00f3n"},"content":{"rendered":"<h2 style=\"text-align: center;\"><span style=\"color: #000080;\"><strong>Jornadas de Performance-Investigaci\u00f3n:<\/strong><\/span><br \/>\n<span style=\"color: #000080;\"> <strong>Hacia una reflexi\u00f3n socio-cultural de y desde los cuerpos.<\/strong><\/span><\/h2>\n<p style=\"text-align: center;\"><strong>S\u00e1bado 15 de noviembre de 2014, 10-13 y 14-19hs.<\/strong><br \/>\n<strong> Centro Cultural Paco Urondo, Fac. de Filosof\u00eda y Letras, UBA.<\/strong><br \/>\n<strong> 25 de Mayo 221, Buenos Aires, Argentina<\/strong><\/p>\n<div>\n<div style=\"text-align: justify;\">Con ocasi\u00f3n de celebrarse los 10 a\u00f1os del inicio del \u00e1rea de estudios sobre cuerpo en el campo de la antropolog\u00eda sociocultural argentina, los invitamos a participar de estas jornadas que reunir\u00e1n a grupos de\u00a0<i>investigadores-performers<\/i>\u00a0<wbr \/>de Argentina, Brasil\u00a0y Colombia pertenecientes a\u00a0la\u00a0<b><i>Red Latinoamericana de\u00a0<\/i><\/b><i>\u00a0<b>Antropolog\u00eda de y desde los cuerpos (<\/b><\/i><a href=\"https:\/\/red.antropologiadelcuerpo.com\/\" target=\"_blank\" rel=\"nofollow\" shape=\"rect\">http:\/\/red.<wbr \/>antropologiadelcuerpo.com<\/a>).<\/div>\n<div style=\"text-align: justify;\"><\/div>\n<\/div>\n<div style=\"text-align: justify;\">\n<div>El inter\u00e9s com\u00fan que nos convoca es el de debatir sobre la construcci\u00f3n de renovadas pr\u00e1cticas de conocimiento y reflexi\u00f3n en el campo de las ciencias sociales, las humanidades y las artes, que integren los diversos lenguajes est\u00e9ticos de las\u00a0<i>perfomances<\/i>\u00a0\u00a0(sonoros y musicales, gestuales, teatrales y danc\u00edsticos, visuales, po\u00e9ticos, etc.). As\u00ed, nos interesa explorar el potencial de estas expresiones tanto en las metodolog\u00edas de investigaci\u00f3n como en la difusi\u00f3n de los resultados y los procesos de ense\u00f1anza-aprendizaje en nuestras universidades.<\/div>\n<\/div>\n<div>\n<div style=\"text-align: justify;\">A partir de presentaciones y talleres que\u00a0invitar\u00e1n a la participaci\u00f3n del p\u00fablico asistente, se propondr\u00e1n debates y\u00a0reflexiones colectivas y\u00a0perform\u00e1ticas sobre estas nuevas\u00a0modalidades de trabajo y los desaf\u00edos que implican tanto en el campo acad\u00e9mico como m\u00e1s all\u00e1 de \u00e9l, en el \u00e1mbito de la divulgaci\u00f3n y las pr\u00e1cticas de extensi\u00f3n.<\/div>\n<\/div>\n<p style=\"text-align: justify;\"><strong>Actividad libre y gratuita. Se entregar\u00e1n certificados de Asistencia.<\/strong><\/p>\n<div>\n<div><span lang=\"ES-TRAD\">Se requiere inscripci\u00f3n previa<\/span><b><span lang=\"ES-TRAD\">:<\/span><\/b><span lang=\"ES-TRAD\"> enviar ficha de inscripci\u00f3n a\u00a0<\/span><a href=\"mailto:jornadascuerpo@gmail.com\" target=\"_blank\" rel=\"nofollow\" shape=\"rect\">jornadascuerpo@gmail.com<\/a><\/div>\n<div>Descargar la ficha ==&gt; <a href=\"https:\/\/red.antropologiadelcuerpo.com\/wp-content\/uploads\/Jornadas-Noviembre-Antropolog\u00eda-del-Cuerpo-UBA-gacetilla-y-ficha-de-inscripci\u00f3n.pdf\">Jornadas Noviembre &#8211; Antropolog\u00eda del Cuerpo UBA &#8211; gacetilla y ficha de inscripci\u00f3n<\/a><\/div>\n<div><\/div>\n<\/div>\n<div>\n<div><strong>Organiza:\u00a0<\/strong><\/div>\n<div><span lang=\"ES-TRAD\"><em>Equipo de Antropolog\u00eda del Cuerpo y la Performance<\/em> de la UBA.\u00a0<\/span><\/div>\n<\/div>\n<div>\n<div><b><span lang=\"ES-TRAD\">M\u00e1s informaci\u00f3n<\/span><\/b><span lang=\"ES-TRAD\">:\u00a0<\/span><a href=\"https:\/\/red.antropologiadelcuerpo.com\/\" target=\"_blank\" rel=\"nofollow\" shape=\"rect\">http:\/\/red.<wbr \/>antropologiadelcuerpo.com<\/a><\/div>\n<\/div>\n<div><\/div>\n<div>\n<div><strong>Coordinadores de performances y talleres: \u00a0<\/strong><\/div>\n<div><\/div>\n<\/div>\n<ul>\n<li><i><span lang=\"ES-TRAD\">Coletivo Teatro Dodecaf\u00f4nico<\/span><\/i><span lang=\"ES-TRAD\">\u00a0(S\u00e3o Paulo-Brasil).<\/span><\/li>\n<\/ul>\n<div>\n<ul>\n<li><b><i><span lang=\"ES-TRAD\">L\u00ednea de investigaci\u00f3n en estudios cr\u00edticos de las corporeidades, las sensibilidades y las performatividades<\/span><\/i><\/b><span lang=\"ES-TRAD\">. Coord. Dra. Sonia Castillo Ballen. (Universidad Distrital Francisco Jos\u00e9 de Caldas, Bogot\u00e1, Colombia).<\/span><\/li>\n<\/ul>\n<\/div>\n<div>\n<div>\n<ul>\n<li><b><i><span lang=\"ES-TRAD\">Grupo de Estudios en Educaci\u00f3n Corporal.<\/span><\/i><\/b><span lang=\"ES-TRAD\">\u00a0Dra. Luz Elena Gallo Cadavid y Margarita Zapata (Universidad de Antioquia, Medellin, Colombia)<\/span><\/li>\n<\/ul>\n<\/div>\n<\/div>\n<div>\n<ul>\n<li><span lang=\"ES-TRAD\">\u00a0<\/span><b><i><span lang=\"ES-TRAD\">Grupo de Estudios sobre Cuerpo de la Universidad Nacional de La Plata<\/span><\/i><\/b><b><span lang=\"ES-TRAD\">,\u00a0<\/span><\/b><span lang=\"ES-TRAD\">Coord. Dra. Sabrina Mora (La Plata, Argentina)<\/span><\/li>\n<\/ul>\n<\/div>\n<ul>\n<li>\u00a0<b><i><span lang=\"ES-TRAD\">\u00c1rea de Antropolog\u00eda del Cuerpo de la Universidad Nacional de Rosario,<\/span><\/i><\/b><span lang=\"ES-TRAD\">\u00a0Lic. Yanina Mennelli, Lic. Manuela Rodriguez y Lic. Julia Broguet (Rosario, Argentina).<\/span><\/li>\n<\/ul>\n<div>\n<div>\n<ul>\n<li><b><i><span lang=\"ES-TRAD\">\u00a0Lic. Cecilia Espinosa<\/span><\/i><\/b><i><span lang=\"ES-TRAD\">,\u00a0Universidad Nacional de Salta.\u00a0<\/span><\/i><\/li>\n<\/ul>\n<\/div>\n<div>\n<ul>\n<li><b><i><span lang=\"ES-TRAD\">Equipo de Antropolog\u00eda del Cuerpo y la Performance de la UBA<\/span><\/i><\/b><b><span lang=\"ES-TRAD\">,\u00a0<\/span><\/b><span lang=\"ES-TRAD\">Coord. Dra. Silvia Citro y Dra. Patricia Aschieri (Buenos Aires, Argentina).<\/span><\/li>\n<\/ul>\n<\/div>\n<div>\n<ul>\n<li><b><i><span lang=\"ES-TRAD\">Equipo de Antropolog\u00eda de la Subjetividad de la UBA<\/span><\/i><\/b><i><span lang=\"ES-TRAD\">,\u00a0<\/span><\/i><span lang=\"ES-TRAD\">Dra. Paula Cabrera y Lic. Luz Roa (Buenos Aires, Argentina).<\/span><\/li>\n<\/ul>\n<\/div>\n<\/div>\n<p style=\"text-align: justify;\">\n","protected":false},"excerpt":{"rendered":"<p>Jornadas de Performance-Investigaci\u00f3n: Hacia una reflexi\u00f3n socio-cultural de y desde los cuerpos. S\u00e1bado 15 de noviembre de 2014, 10-13 y 14-19hs. Centro Cultural Paco Urondo, Fac. de Filosof\u00eda y Letras, UBA. 25 de Mayo 221, Buenos Aires, Argentina Con ocasi\u00f3n de celebrarse los 10 a\u00f1os del inicio del \u00e1rea de estudios sobre cuerpo en el &hellip; <\/p>\n<p class=\"link-more\"><a href=\"https:\/\/red.antropologiadelcuerpo.com\/index.php\/jornadas-de-performance-investigacion\/\" class=\"more-link\">Continuar leyendo<span class=\"screen-reader-text\"> \u00abJornadas de Performance-Investigaci\u00f3n\u00bb<\/span><\/a><\/p>\n","protected":false},"author":1,"featured_media":0,"comment_status":"closed","ping_status":"open","sticky":false,"template":"","format":"standard","meta":{"ngg_post_thumbnail":0,"footnotes":""},"categories":[23],"tags":[390],"class_list":["post-3216","post","type-post","status-publish","format-standard","hentry","category-jornadas","tag-performance-investigacion"],"_links":{"self":[{"href":"https:\/\/red.antropologiadelcuerpo.com\/index.php\/wp-json\/wp\/v2\/posts\/3216","targetHints":{"allow":["GET"]}}],"collection":[{"href":"https:\/\/red.antropologiadelcuerpo.com\/index.php\/wp-json\/wp\/v2\/posts"}],"about":[{"href":"https:\/\/red.antropologiadelcuerpo.com\/index.php\/wp-json\/wp\/v2\/types\/post"}],"author":[{"embeddable":true,"href":"https:\/\/red.antropologiadelcuerpo.com\/index.php\/wp-json\/wp\/v2\/users\/1"}],"replies":[{"embeddable":true,"href":"https:\/\/red.antropologiadelcuerpo.com\/index.php\/wp-json\/wp\/v2\/comments?post=3216"}],"version-history":[{"count":5,"href":"https:\/\/red.antropologiadelcuerpo.com\/index.php\/wp-json\/wp\/v2\/posts\/3216\/revisions"}],"predecessor-version":[{"id":3222,"href":"https:\/\/red.antropologiadelcuerpo.com\/index.php\/wp-json\/wp\/v2\/posts\/3216\/revisions\/3222"}],"wp:attachment":[{"href":"https:\/\/red.antropologiadelcuerpo.com\/index.php\/wp-json\/wp\/v2\/media?parent=3216"}],"wp:term":[{"taxonomy":"category","embeddable":true,"href":"https:\/\/red.antropologiadelcuerpo.com\/index.php\/wp-json\/wp\/v2\/categories?post=3216"},{"taxonomy":"post_tag","embeddable":true,"href":"https:\/\/red.antropologiadelcuerpo.com\/index.php\/wp-json\/wp\/v2\/tags?post=3216"}],"curies":[{"name":"wp","href":"https:\/\/api.w.org\/{rel}","templated":true}]}}