{"id":3140,"date":"2014-03-18T09:01:38","date_gmt":"2014-03-18T12:01:38","guid":{"rendered":"http:\/\/red.antropologiadelcuerpo.com\/?p=3140"},"modified":"2014-03-18T09:01:38","modified_gmt":"2014-03-18T12:01:38","slug":"xxiii-congreso-nacional-y-xii-internacional","status":"publish","type":"post","link":"https:\/\/red.antropologiadelcuerpo.com\/index.php\/xxiii-congreso-nacional-y-xii-internacional\/","title":{"rendered":"XXIII Congreso nacional y XII internacional"},"content":{"rendered":"<p><a href=\"https:\/\/red.antropologiadelcuerpo.com\/wp-content\/uploads\/1491641_718227061550517_361734331_n.jpg\"><img loading=\"lazy\" decoding=\"async\" class=\"wp-image-3142 alignright\" style=\"margin-top: 5px; margin-bottom: 5px;\" alt=\"1491641_718227061550517_361734331_n\" src=\"https:\/\/red.antropologiadelcuerpo.com\/wp-content\/uploads\/1491641_718227061550517_361734331_n.jpg\" width=\"200\" height=\"282\" srcset=\"https:\/\/red.antropologiadelcuerpo.com\/wp-content\/uploads\/1491641_718227061550517_361734331_n.jpg 370w, https:\/\/red.antropologiadelcuerpo.com\/wp-content\/uploads\/1491641_718227061550517_361734331_n-212x300.jpg 212w\" sizes=\"auto, (max-width: 200px) 100vw, 200px\" \/><\/a>Convocatoria para el XXIII CONGRESO NACIONAL Y XII INTERNACIONAL DE FOLKLORE \u201cROEL TARAZONA PADILLA\u201d<\/p>\n<p>5 al 9 de agosto del 2014<br \/>\nLima &#8211; Per\u00fa<\/p>\n<p>Escuela Nacional Superior de Folklore Jos\u00e9 Mar\u00eda Arguedas<br \/>\nMunicipalidad Metropolitana de Lima<\/p>\n<p>Contactos e-mail : congresofolklima2014@gmail.com direcci\u00f3n : Jr. Ica 143, Lima 1,<\/p>\n<p style=\"text-align: justify;\">\u00abLa Escuela Nacional Superior de Folklore Jos\u00e9 Mar\u00eda Arguedas (ENSFJMA) y la Municipalidad Metropolitana de Lima (MML) convocan a investigadores, profesionales y cultores en temas folkl\u00f3ricos al XXIII Congreso Nacional y XII Internacional de Folklore \u201cRoel Tarazona Padilla\u201d, que se realizar\u00e1 en la ciudad de Lima-Per\u00fa. <!--more--><br \/>\nLa intensificaci\u00f3n de las interacciones culturales, el entrecruzamiento de tradiciones hist\u00f3ricas, la convergencia en escenarios sociales comunes de una pluralidad de lenguas y lenguajes ha significado un cuestionamiento a los presupuestos te\u00f3ricos y metodol\u00f3gicos de las Ciencias Sociales y Humanidades y; en este camino, desde la mirada pret\u00e9rita, subalterizada y displicente, a las pr\u00e1cticas folkl\u00f3ricas progresivamente se pas\u00f3 a su an\u00e1lisis cient\u00edfico y calificado. Paralelamente la variable cultura se est\u00e1 convirtiendo en al activo econ\u00f3mico m\u00e1s importante.<\/p>\n<p style=\"text-align: justify;\">Ver la convocatoria completa en el siguiente documento: <a href=\"https:\/\/red.antropologiadelcuerpo.com\/wp-content\/uploads\/Convocatoria-XXIII-Congreso-de-Folklore.pdf\">Convocatoria XXIII Congreso de Folklore<\/a>.<\/p>\n<p style=\"text-align: justify;\">\n","protected":false},"excerpt":{"rendered":"<p>Convocatoria para el XXIII CONGRESO NACIONAL Y XII INTERNACIONAL DE FOLKLORE \u201cROEL TARAZONA PADILLA\u201d 5 al 9 de agosto del 2014 Lima &#8211; Per\u00fa Escuela Nacional Superior de Folklore Jos\u00e9 Mar\u00eda Arguedas Municipalidad Metropolitana de Lima Contactos e-mail : congresofolklima2014@gmail.com direcci\u00f3n : Jr. Ica 143, Lima 1, \u00abLa Escuela Nacional Superior de Folklore Jos\u00e9 Mar\u00eda &hellip; <\/p>\n<p class=\"link-more\"><a href=\"https:\/\/red.antropologiadelcuerpo.com\/index.php\/xxiii-congreso-nacional-y-xii-internacional\/\" class=\"more-link\">Continuar leyendo<span class=\"screen-reader-text\"> \u00abXXIII Congreso nacional y XII internacional\u00bb<\/span><\/a><\/p>\n","protected":false},"author":1,"featured_media":0,"comment_status":"closed","ping_status":"open","sticky":false,"template":"","format":"standard","meta":{"ngg_post_thumbnail":0,"footnotes":""},"categories":[19],"tags":[317,365,366],"class_list":["post-3140","post","type-post","status-publish","format-standard","hentry","category-congresos","tag-congreso","tag-folklore","tag-lima"],"_links":{"self":[{"href":"https:\/\/red.antropologiadelcuerpo.com\/index.php\/wp-json\/wp\/v2\/posts\/3140","targetHints":{"allow":["GET"]}}],"collection":[{"href":"https:\/\/red.antropologiadelcuerpo.com\/index.php\/wp-json\/wp\/v2\/posts"}],"about":[{"href":"https:\/\/red.antropologiadelcuerpo.com\/index.php\/wp-json\/wp\/v2\/types\/post"}],"author":[{"embeddable":true,"href":"https:\/\/red.antropologiadelcuerpo.com\/index.php\/wp-json\/wp\/v2\/users\/1"}],"replies":[{"embeddable":true,"href":"https:\/\/red.antropologiadelcuerpo.com\/index.php\/wp-json\/wp\/v2\/comments?post=3140"}],"version-history":[{"count":2,"href":"https:\/\/red.antropologiadelcuerpo.com\/index.php\/wp-json\/wp\/v2\/posts\/3140\/revisions"}],"predecessor-version":[{"id":3145,"href":"https:\/\/red.antropologiadelcuerpo.com\/index.php\/wp-json\/wp\/v2\/posts\/3140\/revisions\/3145"}],"wp:attachment":[{"href":"https:\/\/red.antropologiadelcuerpo.com\/index.php\/wp-json\/wp\/v2\/media?parent=3140"}],"wp:term":[{"taxonomy":"category","embeddable":true,"href":"https:\/\/red.antropologiadelcuerpo.com\/index.php\/wp-json\/wp\/v2\/categories?post=3140"},{"taxonomy":"post_tag","embeddable":true,"href":"https:\/\/red.antropologiadelcuerpo.com\/index.php\/wp-json\/wp\/v2\/tags?post=3140"}],"curies":[{"name":"wp","href":"https:\/\/api.w.org\/{rel}","templated":true}]}}