{"id":2941,"date":"2013-08-03T21:59:35","date_gmt":"2013-08-04T00:59:35","guid":{"rendered":"http:\/\/red.antropologiadelcuerpo.com\/?p=2941"},"modified":"2013-08-03T22:00:18","modified_gmt":"2013-08-04T01:00:18","slug":"comienza-el-iii-congreso-internacional-de-artes-en-cruce","status":"publish","type":"post","link":"https:\/\/red.antropologiadelcuerpo.com\/index.php\/comienza-el-iii-congreso-internacional-de-artes-en-cruce\/","title":{"rendered":"Comienza el III Congreso Internacional de Artes en Cruce"},"content":{"rendered":"<h4>El lunes 5 de agosto dar\u00e1 comienzo el III Congreso Internacional de Artes en Cruce a las 17.30 hs con las palabras de bienvenida del Dr. H\u00e9ctor Hugo Trinchero, Decano FFyL; Dra. Graciela Morgade, Secretaria Acad\u00e9mica FFyL; Prof. Ricardo Manetti, Presidente del Congreso; Prof. Graciela Dragosky, Directora del Centro Cultural Francisco Paco Urondo; Dr. Jorge Luratti, Dr. Darko Sustersic, Prof. Marina Sikora, Directores y Secretaria Acad\u00e9mica de los Institutos de Investigaci\u00f3n, Carrera de Artes, FFyL.<\/h4>\n<div class=\"ose-wrapper ose-uid-24576039734e45ea2c147b51c492d639 ose-embedpress-responsive\" style=\"width:850px; height:700px; max-height:700px; max-width:100%; display:inline-block;\" data-embed-type=\"document_pdf\"><iframe loading=\"lazy\" allowFullScreen=\"true\" width=\"850\" height=\"700\" src=\"https:\/\/red.antropologiadelcuerpo.com\/wp-content\/uploads\/ProgramaCongresoArtes2013.pdf\" > <\/iframe><\/div>\n<p>En le marco del Congreso se desarrollar\u00e1 <strong>el martes 6 de agosto<\/strong>, en el Centro cultural Haroldo Conti, <strong>de 11 a 17 hs<\/strong> la mesa <strong>Corporalidad e interculturalidad: Po\u00e9ticas de relaci\u00f3n en los cuerpos en movimiento con la c<\/strong>oordinaci\u00f3n de Patricia Aschieri. Comentaristas: Dra. Silvia Citro, Lic. Elina Matoso, Lic. Yanina Mennelli.<!--more--><\/p>\n<div>\n<p>Presentaciones:<br \/>\nFlorencia Rodr\u00edguez Blanco. (UBA) \u201cReapropiaciones del Contact Improvisation. Un an\u00e1lisis antropol\u00f3gico de sus pr\u00e1cticas y representaciones.\u201d<br \/>\nMar\u00eda Esther Vega Ocampo, Dr. Victoriano Garza Almanza: \u201cLa construcci\u00f3n del cuerpo desde la ceguera. Abordando la teor\u00eda de la identidad e interacci\u00f3n\u201d.<br \/>\nB\u00e1rbara Ayala Hannig: \u201cSignificaci\u00f3n y sensibilidad en la pr\u00e1ctica de Yoga moderno: Estudios desde los cuerpos vividos de practicantes e investigadores\u201d.<br \/>\nLadys Gonzalez (UBA) Videodanza instalaci\u00f3n: frontera danza.<br \/>\nAndrea L\u00f3pez Ponce: \u201cEl rabo de vaca y el mosco roto. An\u00e1lisis de las im\u00e1genes cotidianas ind\u00edgenas y mestizas para la construcci\u00f3n del lenguaje esc\u00e9nico\u201d.<br \/>\nMara Padilla. Bailarina y core\u00f3grafa (IUNA); Eva Lamborghini. (UBA\/CONICET): \u201cLa \u00abbailarina\u00bb del candombe (afro-uruguayo): Cuerpo, movimiento y transformaci\u00f3n. Una mirada desde su pr\u00e1ctica y ense\u00f1anza en un nuevo contexto social\u201d.<br \/>\nHern\u00e1n Perri\u00e9re (UNS): \u201cParec\u00eda un ensayo de teatro en el vasto escenario salinero\u201d. Los cuerpos en los parlamentos de rescate de cautivos seg\u00fan los relatos del padre Salvaire en Salinas Chicas (1875).<br \/>\nIgnacio Arias (UBA): \u00abEntre precisi\u00f3n e improvisaci\u00f3n\u201d. Aportes fenomenol\u00f3gicos para (re)pensar la relaci\u00f3n entre el tiempo y el movimiento en la danza\u00bb<br \/>\nVer\u00f3nica Cohen (UBA): \u201cArte y Comunicaci\u00f3n. An\u00e1lisis desde la danza butoh\u201d.<br \/>\nAdriana Mabel Prieto (Universidad Distrital Francisco Jos\u00e9 de Caldas): \u201cEl cuerpo que transita en transmilenio: una investigaci\u00f3n- creaci\u00f3n sobre el bogotano en circulaci\u00f3n\u201d.<br \/>\nVera Livia Garc\u00eda (UBA\/ Universidad Aut\u00f3noma de Barcelona): \u201c\u00bfEs posible un Cuerpo Ins\u00edpido? Hacia una re-articulaci\u00f3n entre pr\u00e1ctica y teor\u00eda\u201d<br \/>\nMar\u00eda Mercedes Liska Facultad de Ciencias Sociales (UBA): \u201cTango queer y \u201ccosmopolitismo\u201d. Las experiencias de encuentro intercorporal entre personas residentes en Buenos Aires y visitantes extranjeros\u201d.<br \/>\nFlorencia Emilia Cima (Centro Cultural Borges): \u201cDanzas Urbanas y Experimentales En cruce\u201d.<br \/>\nJosefina Zuain (UBA): Escribir Danza: la experiencia intransferible\u201d.<br \/>\nNatalia Ram\u00edrez P\u00fcschel (Universidad de Chile): \u201c\u201cNosotres\u201d: experiencia coreogr\u00e1fica para la investigaci\u00f3n\/creaci\u00f3n de la intersubjetividad corporal respecto situaciones del g\u00e9nero y el sexo\u201d.<br \/>\nMariana L. Signorelli (UBA): \u201cHuellas gauchescas en la danza y su vinculaci\u00f3n pol\u00edtica. El caso del ballet Estancia de Ginastera-Borowsky (1952)\u201d.<br \/>\nSusana Szperling, Gabriel Nardacchione (UBA Conicet): \u201cMovimiento y sociedad. Algunas reflexiones sobre competencias y p\u00fablicos en cruce\u201d.<br \/>\nCecilia Cozzarin (UBA): \u201cLa danza y lo viviente. La pregunta por lo que baila\u201d.<br \/>\nMar\u00eda Sol Verniers (UBA): \u201cLa construcci\u00f3n social del tango: relaciones entre la performance y el registro cinematogr\u00e1fico. An\u00e1lisis desde el espacio-imagen -movimiento en el tango\u201d.<br \/>\nPatricia Aschieri (UBA-UNTREF): \u201cAlquimias en\/desde los cuerpos: Una mirada sobre la danza butoh en Argentina\u201d.<br \/>\nAdil Podhajcer (CONICET, IDAES): \u201cSembrando un cuerpo nuevo. Interconexi\u00f3n y sonoridad tradicional en pr\u00e1cticas musicales \u201candinas\u201d de Buenos Aires\u201d.<\/p>\n<p>[wpsr_addthis]<\/p>\n<\/div>\n","protected":false},"excerpt":{"rendered":"<p>El lunes 5 de agosto dar\u00e1 comienzo el III Congreso Internacional de Artes en Cruce a las 17.30 hs con las palabras de bienvenida del Dr. H\u00e9ctor Hugo Trinchero, Decano FFyL; Dra. Graciela Morgade, Secretaria Acad\u00e9mica FFyL; Prof. Ricardo Manetti, Presidente del Congreso; Prof. Graciela Dragosky, Directora del Centro Cultural Francisco Paco Urondo; Dr. Jorge &hellip; <\/p>\n<p class=\"link-more\"><a href=\"https:\/\/red.antropologiadelcuerpo.com\/index.php\/comienza-el-iii-congreso-internacional-de-artes-en-cruce\/\" class=\"more-link\">Continuar leyendo<span class=\"screen-reader-text\"> \u00abComienza el III Congreso Internacional de Artes en Cruce\u00bb<\/span><\/a><\/p>\n","protected":false},"author":3,"featured_media":0,"comment_status":"closed","ping_status":"open","sticky":false,"template":"","format":"standard","meta":{"ngg_post_thumbnail":0,"footnotes":""},"categories":[19],"tags":[],"class_list":["post-2941","post","type-post","status-publish","format-standard","hentry","category-congresos"],"_links":{"self":[{"href":"https:\/\/red.antropologiadelcuerpo.com\/index.php\/wp-json\/wp\/v2\/posts\/2941","targetHints":{"allow":["GET"]}}],"collection":[{"href":"https:\/\/red.antropologiadelcuerpo.com\/index.php\/wp-json\/wp\/v2\/posts"}],"about":[{"href":"https:\/\/red.antropologiadelcuerpo.com\/index.php\/wp-json\/wp\/v2\/types\/post"}],"author":[{"embeddable":true,"href":"https:\/\/red.antropologiadelcuerpo.com\/index.php\/wp-json\/wp\/v2\/users\/3"}],"replies":[{"embeddable":true,"href":"https:\/\/red.antropologiadelcuerpo.com\/index.php\/wp-json\/wp\/v2\/comments?post=2941"}],"version-history":[{"count":2,"href":"https:\/\/red.antropologiadelcuerpo.com\/index.php\/wp-json\/wp\/v2\/posts\/2941\/revisions"}],"predecessor-version":[{"id":2943,"href":"https:\/\/red.antropologiadelcuerpo.com\/index.php\/wp-json\/wp\/v2\/posts\/2941\/revisions\/2943"}],"wp:attachment":[{"href":"https:\/\/red.antropologiadelcuerpo.com\/index.php\/wp-json\/wp\/v2\/media?parent=2941"}],"wp:term":[{"taxonomy":"category","embeddable":true,"href":"https:\/\/red.antropologiadelcuerpo.com\/index.php\/wp-json\/wp\/v2\/categories?post=2941"},{"taxonomy":"post_tag","embeddable":true,"href":"https:\/\/red.antropologiadelcuerpo.com\/index.php\/wp-json\/wp\/v2\/tags?post=2941"}],"curies":[{"name":"wp","href":"https:\/\/api.w.org\/{rel}","templated":true}]}}