{"id":1945,"date":"2012-07-12T20:19:03","date_gmt":"2012-07-12T23:19:03","guid":{"rendered":"http:\/\/red.antropologiadelcuerpo.com\/?p=1945"},"modified":"2012-07-27T22:29:47","modified_gmt":"2012-07-28T01:29:47","slug":"programa-del-coloquio-internacional","status":"publish","type":"post","link":"https:\/\/red.antropologiadelcuerpo.com\/index.php\/programa-del-coloquio-internacional\/","title":{"rendered":"Programa del Coloquio Internacional"},"content":{"rendered":"<p align=\"center\"><a href=\"https:\/\/red.antropologiadelcuerpo.com\/wp-content\/uploads\/cabecer-texto.jpg\"><img loading=\"lazy\" decoding=\"async\" class=\"aligncenter size-medium wp-image-713\" title=\"cabecer-texto.jpg\" src=\"https:\/\/red.antropologiadelcuerpo.com\/wp-content\/uploads\/cabecer-texto-300x86.jpg\" alt=\"\" width=\"300\" height=\"86\" srcset=\"https:\/\/red.antropologiadelcuerpo.com\/wp-content\/uploads\/cabecer-texto-300x86.jpg 300w, https:\/\/red.antropologiadelcuerpo.com\/wp-content\/uploads\/cabecer-texto-500x144.jpg 500w, https:\/\/red.antropologiadelcuerpo.com\/wp-content\/uploads\/cabecer-texto.jpg 1000w\" sizes=\"auto, (max-width: 300px) 100vw, 300px\" \/><\/a><strong><span style=\"color: #800000;\">Las teor\u00edas de la corporalidad\/embodiment en la antropolog\u00eda de las dos Am\u00e9ricas<\/span><\/strong><\/p>\n<p align=\"center\"><span style=\"color: #993300;\">30 y 31 de Julio de 2012<\/span><\/p>\n<p align=\"right\"><span style=\"color: #800000;\"><strong>Coordinaci\u00f3n: Dra. Silvia Citro y Dr. Pablo Wright <\/strong><\/span><\/p>\n<p align=\"right\"><span style=\"color: #993300;\">Secci\u00f3n Etnolog\u00eda del Instituto de Ciencias Antropol\u00f3gicas.<\/span><br \/>\n<span style=\"color: #993300;\">Fac. de Filosof\u00eda y Letras, Universidad de Buenos Aires<\/span><\/p>\n<p><strong>Presentaci\u00f3n<\/strong><\/p>\n<p style=\"text-align: justify;\">El objetivo de este coloquio es generar un espacio de discusi\u00f3n entre investigadores y profesores de diferentes universidades latinoamericanas y norteamericanas, en torno al impacto y desarrollo que, desde mediados de los 90, han tenido las denominadas teor\u00edas de la corporalidad-corporizaci\u00f3n\/embodiment en diferentes \u00e1mbitos de la antropolog\u00eda social, como los estudios sobre salud, religiosidad, movimiento y performances, subjetividad, emociones, g\u00e9nero y etnicidad, entre los principales.<\/p>\n<p style=\"text-align: justify;\">La denominada \u00abantropolog\u00eda del cuerpo\u00bb es un \u00e1rea que reci\u00e9n en la d\u00e9cada de 1970 comenz\u00f3 a definirse como un campo de estudio espec\u00edfico. Siglos de predominio del racionalismo y del dualismo llevaron a que en la modernidad occidental, el cuerpo fuese visto preponderantemente como un mero \u00abobjeto\u00bb natural, plausible de ser disociado del verdadero \u00abser\u00bb, basado en la raz\u00f3n o esp\u00edritu. Como muchos autores coinciden en se\u00f1alar, esta larga tradici\u00f3n de pensamiento incidi\u00f3 fuertemente en las ciencias sociales, postergando la aparici\u00f3n de estudios que se ocuparan de las corporalidades en la vida sociocultural. Los primeros estudios antropol\u00f3gicos sobre el tema, permitieron demostrar que los distintos grupos culturales construyen sus propias pr\u00e1cticas, representaciones, significaciones y valoraciones culturales en torno a los cuerpos. No obstante, en muchos de los trabajos m\u00e1s recientes, los cuerpos ya no son tratados solamente como \u201cobjetos\u201d de estos estudios espec\u00edficos, sino que la corporalidad es entendida como dimensi\u00f3n constitutiva de toda pr\u00e1ctica sociocultural, y su an\u00e1lisis se integra as\u00ed al estudio de diversas problem\u00e1ticas. Es especialmente esta \u00faltima tendencia, la que se propone profundizar en este coloquio, abordando los diferentes desarrollos de las teor\u00edas de la \u00abcorporalidad\/corporizaci\u00f3n\/embodiment\u00bb en las Am\u00e9ricas, en tanto perspectiva te\u00f3rico-metodol\u00f3gica en la cual la corporalidad es abordada como sustrato existencial de la cultura; en palabras del profesor T. Csordas, no s\u00f3lo como un objeto que es \u201cbueno para pensar\u201d, sino como un sujeto que es \u201cnecesario para ser\u201d.<\/p>\n<p style=\"text-align: justify;\">Cabe destacar que el Prof. Thomas Csordas es uno de los m\u00e1s reconocidos especialistas de esta \u00e1rea de estudios a nivel internacional, y a partir de su visita nuestro pa\u00eds (gracias a un subsidio de la Fundaci\u00f3n Fulbright gestionado por el Equipo de Antropolog\u00eda del Cuerpo y la Performance de la Fac. de Filosof\u00eda y Letras, UBA), es que organizamos este coloquio. Cada uno de los especialistas invitados ha realizado investigaciones pioneras as\u00ed como dictado cursos de grado y posgrado en este campo de estudio en sus respectivas universidades. Por tanto, a partir de sus presentaciones, esperamos generar un espacio de discusi\u00f3n y reflexi\u00f3n sobre la recepci\u00f3n que una similar perspectiva te\u00f3rico-metodol\u00f3gica ha tenido en diferentes \u00e1mbitos acad\u00e9micos, idiomas y contextos geopol\u00edticos, y c\u00f3mo, a su vez, se ha ido interrelacionando con otras teor\u00edas y perspectivas regionales.<\/p>\n<hr \/>\n<h2><span style=\"color: #993300;\"><strong>Programa<\/strong><\/span><\/h2>\n<h2><strong><span style=\"color: #993300;\">30 de Julio<\/span><\/strong><\/h2>\n<p>1.<strong> Corporalidad, salud y cura<\/strong><\/p>\n<p>15-17: Dr. Thomas Csordas y\u00a0Dr. Janis Jenkins (Universidad de California-San Diego).<\/p>\n<p>17.30 &#8211; 20:\u00a0Dra. Ceres Victora\u00a0(Universidad Federal do Rio Grande do Sul, Brasil), Dra. Maria Laura Recorder (UBA)\u00a0y Dr. Mario Martinez (Institute of Biocognitive Sciences)<\/p>\n<p>&nbsp;<\/p>\n<h2><span style=\"color: #993300;\"><strong>31 de Julio<\/strong><\/span><\/h2>\n<p>2. <strong>Corporalidad, rituales y religiosidades<\/strong><\/p>\n<p>10.30 a 13:\u00a0Dr. Carlos Steil (Universidad Federal do Rio Grande do Sul), Dr. Gustavo Ludue\u00f1a (UBA-UNSaM-CONICET) y Dr. Jos\u00e9\u00a0Bizerril\u00a0(Centro Universit\u00e1rio de Bras\u00edlia)<\/p>\n<p>3. <strong>Corporalidades, etnicidades y multiculturalismos<\/strong><\/p>\n<p>15 a 16.30:\u00a0Dra. Florencia Tola (UBA-CONICET) y\u00a0Dra. Silvia\u00a0Citro y equipo\u00a0(UBA-CONICET), Yanina Mannelli,\u00a0Manuela Rodr\u00edguez y equipo (Universidad Nacional de Rosario)<\/p>\n<p>4. <strong>Corporalidades, sexualidad y g\u00e9nero \u2013 Cuerpos en danza<\/strong><\/p>\n<p>17 a 19: Lidia Schiavoni (Universidad Nacional de Misiones), Dra. Marta Savigliano,\u00a0 Sabrina Mora y equipo (Universidad Nacional de La Plata).<\/p>\n<p><strong>Inscripci\u00f3n:<\/strong> las personas que deseen participar en el coloquio como asistentes, deber\u00e1n inscribirse previamente, enviando sus datos (Nombre y Apellido, Formaci\u00f3n acad\u00e9mica, pertenencia institucional y e-mail) a: antropolog\u00edadelcuerpo@gmail.com, colocando en el asunto del mail: INSCRIPCION COLOQUIO 2012. Se otorgar\u00e1n certificados de asistencia.<\/p>\n<p>Se desarrollar\u00e1 en el <strong>aula 324<\/strong> de la Facultad de Filosof\u00eda y Letras de a UBA,\u00a0 Pu\u00e1n 470, Ciudad Aut\u00f3noma de Buenos Aires, Rep. Argentina.<\/p>\n","protected":false},"excerpt":{"rendered":"<p>Las teor\u00edas de la corporalidad\/embodiment en la antropolog\u00eda de las dos Am\u00e9ricas 30 y 31 de Julio de 2012 Coordinaci\u00f3n: Dra. Silvia Citro y Dr. Pablo Wright Secci\u00f3n Etnolog\u00eda del Instituto de Ciencias Antropol\u00f3gicas. Fac. de Filosof\u00eda y Letras, Universidad de Buenos Aires Presentaci\u00f3n El objetivo de este coloquio es generar un espacio de discusi\u00f3n &hellip; <\/p>\n<p class=\"link-more\"><a href=\"https:\/\/red.antropologiadelcuerpo.com\/index.php\/programa-del-coloquio-internacional\/\" class=\"more-link\">Continuar leyendo<span class=\"screen-reader-text\"> \u00abPrograma del Coloquio Internacional\u00bb<\/span><\/a><\/p>\n","protected":false},"author":3,"featured_media":0,"comment_status":"closed","ping_status":"open","sticky":false,"template":"","format":"standard","meta":{"ngg_post_thumbnail":0,"footnotes":""},"categories":[242],"tags":[152,114],"class_list":["post-1945","post","type-post","status-publish","format-standard","hentry","category-coloquios","tag-corporizacion","tag-embodiment"],"_links":{"self":[{"href":"https:\/\/red.antropologiadelcuerpo.com\/index.php\/wp-json\/wp\/v2\/posts\/1945","targetHints":{"allow":["GET"]}}],"collection":[{"href":"https:\/\/red.antropologiadelcuerpo.com\/index.php\/wp-json\/wp\/v2\/posts"}],"about":[{"href":"https:\/\/red.antropologiadelcuerpo.com\/index.php\/wp-json\/wp\/v2\/types\/post"}],"author":[{"embeddable":true,"href":"https:\/\/red.antropologiadelcuerpo.com\/index.php\/wp-json\/wp\/v2\/users\/3"}],"replies":[{"embeddable":true,"href":"https:\/\/red.antropologiadelcuerpo.com\/index.php\/wp-json\/wp\/v2\/comments?post=1945"}],"version-history":[{"count":6,"href":"https:\/\/red.antropologiadelcuerpo.com\/index.php\/wp-json\/wp\/v2\/posts\/1945\/revisions"}],"predecessor-version":[{"id":1948,"href":"https:\/\/red.antropologiadelcuerpo.com\/index.php\/wp-json\/wp\/v2\/posts\/1945\/revisions\/1948"}],"wp:attachment":[{"href":"https:\/\/red.antropologiadelcuerpo.com\/index.php\/wp-json\/wp\/v2\/media?parent=1945"}],"wp:term":[{"taxonomy":"category","embeddable":true,"href":"https:\/\/red.antropologiadelcuerpo.com\/index.php\/wp-json\/wp\/v2\/categories?post=1945"},{"taxonomy":"post_tag","embeddable":true,"href":"https:\/\/red.antropologiadelcuerpo.com\/index.php\/wp-json\/wp\/v2\/tags?post=1945"}],"curies":[{"name":"wp","href":"https:\/\/api.w.org\/{rel}","templated":true}]}}