{"id":1169,"date":"2012-04-10T09:00:18","date_gmt":"2012-04-10T09:00:18","guid":{"rendered":"http:\/\/red.antropologiadelcuerpo.com\/?p=1169"},"modified":"2012-06-09T17:07:24","modified_gmt":"2012-06-09T20:07:24","slug":"grupo-de-trabajo-no-13","status":"publish","type":"post","link":"https:\/\/red.antropologiadelcuerpo.com\/index.php\/grupo-de-trabajo-no-13\/","title":{"rendered":"Grupo de Trabajo N\u00ba 13"},"content":{"rendered":"<h2 align=\"center\"><strong><span style=\"color: #993300;\">Grupo de Trabajo N\u00ba 13<\/span><em> <\/em><\/strong><\/h2>\n<h2 align=\"center\"><span style=\"color: #993300;\"><strong><em>Cuerpo, corporeidad, materialidad: un abordaje arqueol\u00f3gico<\/em><\/strong><\/span><\/h2>\n<div align=\"center\"><\/div>\n<div style=\"text-align: left;\" align=\"center\"><strong>Coordinadoras:<\/strong><\/div>\n<div style=\"text-align: left;\" align=\"center\"><\/div>\n<div style=\"text-align: left;\" align=\"center\"><strong><em>Dra. Melisa A. Salerno<\/em><\/strong> (CONICET, Argentina, melisa_salerno@yahoo.com.ar)<\/div>\n<div style=\"text-align: left;\" align=\"center\"><strong><em>Mgr. Ma. Celeste Perosino<\/em><\/strong> (CONICET, Argentina, mcperosino@gmail.com)<\/div>\n<div style=\"text-align: justify;\"><\/div>\n<div style=\"text-align: justify;\">El objetivo de este grupo de trabajo es promover el an\u00e1lisis del cuerpo y la corporeidad desde una perspectiva arqueol\u00f3gica.<\/div>\n<div style=\"text-align: justify;\"><\/div>\n<div style=\"text-align: justify;\"><!--more-->Para ello se vuelve relevante entender a la arqueolog\u00eda como una disciplina comprometida con el estudio del mundo social mediante el abordaje de materialidades. El cuerpo constituye una realidad f\u00edsica, que resulta modelada por las acciones culturalmente orientadas que lo tienen como protagonista. Del mismo modo, resulta posible sostener que el cuerpo posibilita y limita las acciones culturales a partir de las cuales se vincula con la materialidad del mundo circundante. Teniendo en cuenta estas ideas, este simposio centra su inter\u00e9s en las discusiones sobre los l\u00edmites de la persona, el estatuto contextualmente variable de los cuerpos (especialmente como sujetos y objetos), las distinciones y similitudes culturalmente establecidas entre el cuerpo propio y el \u201ccuerpo\u201d de las cosas, la materialidad de las acciones destinadas a atender el cuerpo propio, la corporizaci\u00f3n del mundo circundante, etc. Invitamos a arque\u00f3logos, antrop\u00f3logos, soci\u00f3logos, fil\u00f3sofos y a todos aquellos interesados a presentar sus propuestas te\u00f3rico-metodol\u00f3gicas y casos de estudio, enriqueciendo el debate y los intercambios interdisciplinarios.<\/div>\n<div style=\"text-align: justify;\"><\/div>\n<div style=\"text-align: justify;\"><\/div>\n<div style=\"text-align: justify;\"><\/div>\n<div style=\"text-align: justify;\"><span style=\"text-decoration: underline; color: #993300;\"><strong>RES\u00daMENES ACEPTADOS<\/strong><\/span><\/div>\n<div style=\"text-align: justify;\"><\/div>\n<div style=\"text-align: justify;\"><span style=\"color: #993300;\"><strong>Exposiciones orales<\/strong><\/span><\/div>\n<div style=\"text-align: justify;\"><\/div>\n<div style=\"text-align: justify;\">\n<p><strong>Cuerpo::::Vestido. Un an\u00e1lisis de la base material::::: materialidad en los vestidos de quincea\u00f1eras. <\/strong><em>Chervin, Mariela<\/em><\/p>\n<p><strong>Cabezas trofeo: cuerpo, objeto y representaci\u00f3n. <\/strong><em>Bovisio, Mar\u00eda Alba y Costas, Mar\u00eda Paula<\/em><\/p>\n<p><strong>El Espectador Sabi(d)o. <\/strong><em>Cao, Santiago<\/em><\/p>\n<p><strong>Concepto hist\u00f3rico del cuerpo femenino dentro de los Cacicazgos Valencia. <\/strong><em>Escalante, E, Nancy C<\/em><\/p>\n<p><strong>Noelia. <\/strong><em>Garrido, Gimena<\/em><\/p>\n<p><strong>La construcci\u00f3n material de la persona entre los wich\u00eds del Gran Chaco. <\/strong><em>Montani, Rodrigo M<\/em><\/p>\n<p><strong>El cad\u00e1ver, la cosa, el objeto. <\/strong><em>Perosino, Mar\u00eda Celeste<\/em><\/p>\n<p><strong>Cuerpo, espacio y materialidad. Una exploraci\u00f3n desde la arqueolog\u00eda ant\u00e1rtica. <\/strong><em>Salerno, Melisa y\u00a0 Zarankin, Andr\u00e9s<\/em><\/p>\n<p><strong>\u00bfSacrificadores, guerreros o shamanes? La representaci\u00f3n humana en La Aguada. <em>Balesta<\/em><\/strong><em>, B\u00e0rbara y Zagorodny, Nora<\/em><\/p>\n<p><strong>Representaci\u00f3n del cuerpo en la tortura y represi\u00f3n. Narrativa argentina 1960-2000. <\/strong><em>Lukin, Liliana<\/em><\/p>\n<\/div>\n<div style=\"text-align: justify;\"><span style=\"color: #993300;\"><strong>Performance-Taller<\/strong><\/span><\/div>\n<div style=\"text-align: justify;\"><\/div>\n<div style=\"text-align: justify;\">\n<p><strong>Grabado en el cuerpo. <\/strong><em>Forte, Margarita; Moreyra, Abel; Veglio, Alejandra<\/em><br \/>\n(A la espera de confirmaci\u00f3n)<\/p>\n<p><span style=\"color: #993300;\"><strong>Performance-Intervenci\u00f3n<\/strong><\/span><\/p>\n<p><strong>X Limones print. <\/strong><em>Alejandra Mizrahi.<\/em><strong><\/strong><\/p>\n<p><strong>Grabado en el cuerpo. <\/strong><em>Forte, Margarita; Moreyra, Abel; Veglio, Alejandra<\/em><\/p>\n<\/div>\n<div style=\"text-align: justify;\">[wpsr_addthis]<\/div>\n","protected":false},"excerpt":{"rendered":"<p>Grupo de Trabajo N\u00ba 13 Cuerpo, corporeidad, materialidad: un abordaje arqueol\u00f3gico Coordinadoras: Dra. Melisa A. Salerno (CONICET, Argentina, melisa_salerno@yahoo.com.ar) Mgr. Ma. Celeste Perosino (CONICET, Argentina, mcperosino@gmail.com) El objetivo de este grupo de trabajo es promover el an\u00e1lisis del cuerpo y la corporeidad desde una perspectiva arqueol\u00f3gica.<\/p>\n","protected":false},"author":1,"featured_media":0,"comment_status":"closed","ping_status":"open","sticky":false,"template":"","format":"standard","meta":{"ngg_post_thumbnail":0,"footnotes":""},"categories":[209],"tags":[208],"class_list":["post-1169","post","type-post","status-publish","format-standard","hentry","category-grupos-de-trabajo-2","tag-grupos-de-trabajo"],"_links":{"self":[{"href":"https:\/\/red.antropologiadelcuerpo.com\/index.php\/wp-json\/wp\/v2\/posts\/1169","targetHints":{"allow":["GET"]}}],"collection":[{"href":"https:\/\/red.antropologiadelcuerpo.com\/index.php\/wp-json\/wp\/v2\/posts"}],"about":[{"href":"https:\/\/red.antropologiadelcuerpo.com\/index.php\/wp-json\/wp\/v2\/types\/post"}],"author":[{"embeddable":true,"href":"https:\/\/red.antropologiadelcuerpo.com\/index.php\/wp-json\/wp\/v2\/users\/1"}],"replies":[{"embeddable":true,"href":"https:\/\/red.antropologiadelcuerpo.com\/index.php\/wp-json\/wp\/v2\/comments?post=1169"}],"version-history":[{"count":31,"href":"https:\/\/red.antropologiadelcuerpo.com\/index.php\/wp-json\/wp\/v2\/posts\/1169\/revisions"}],"predecessor-version":[{"id":1821,"href":"https:\/\/red.antropologiadelcuerpo.com\/index.php\/wp-json\/wp\/v2\/posts\/1169\/revisions\/1821"}],"wp:attachment":[{"href":"https:\/\/red.antropologiadelcuerpo.com\/index.php\/wp-json\/wp\/v2\/media?parent=1169"}],"wp:term":[{"taxonomy":"category","embeddable":true,"href":"https:\/\/red.antropologiadelcuerpo.com\/index.php\/wp-json\/wp\/v2\/categories?post=1169"},{"taxonomy":"post_tag","embeddable":true,"href":"https:\/\/red.antropologiadelcuerpo.com\/index.php\/wp-json\/wp\/v2\/tags?post=1169"}],"curies":[{"name":"wp","href":"https:\/\/api.w.org\/{rel}","templated":true}]}}