{"id":1011,"date":"2012-03-07T22:18:39","date_gmt":"2012-03-07T22:18:39","guid":{"rendered":"http:\/\/red.antropologiadelcuerpo.com\/?p=1011"},"modified":"2012-03-07T22:24:20","modified_gmt":"2012-03-07T22:24:20","slug":"jaqueline-gomes-de-jesus","status":"publish","type":"post","link":"https:\/\/red.antropologiadelcuerpo.com\/index.php\/jaqueline-gomes-de-jesus\/","title":{"rendered":"Jaqueline Gomes de Jesus"},"content":{"rendered":"<div style=\"text-align: justify;\"><a href=\"https:\/\/red.antropologiadelcuerpo.com\/wp-content\/uploads\/Jaqueline-Gomes-de-Jesus.jpg\"><img loading=\"lazy\" decoding=\"async\" class=\"alignright size-thumbnail wp-image-1015\" title=\"Jaqueline Gomes de Jesus\" src=\"https:\/\/red.antropologiadelcuerpo.com\/wp-content\/uploads\/Jaqueline-Gomes-de-Jesus-150x150.jpg\" alt=\"\" width=\"150\" height=\"150\" \/><\/a>Doutora em Psicologia Social, do Trabalho e das Organiza\u00e7\u00f5es pela Universidade de Bras\u00edlia &#8211; UnB. Foi Supervisora T\u00e9cnica dos Princ\u00edpios, Diretrizes e A\u00e7\u00f5es em Sa\u00fade Mental na Administra\u00e7\u00e3o P\u00fablica Federal (<a href=\"http:\/\/www.planejamento.gov.br\/hotsites\/forumdevigilancia\/arquivos\/Saude%20Mental_14x211.pdf\" target=\"_blank\">http:\/\/www.planejamento.gov.<wbr>br\/hotsites\/forumdevigilancia\/<wbr>arquivos\/Saude%20Mental_<wbr>14&#215;211.pdf<\/wbr><\/wbr><\/wbr><\/a>) e ocupou o cargo de Assessora de Diversidade e Apoio aos Cotistas e Coordenadora do Centro de Conviv\u00eancia Negra da UnB (2006-2008). \u00c9 professora do Centro Universit\u00e1rio Planalto do Distrito Federal &#8211; UNIPLAN, do Instituto Laboro &#8211; Universidade Est\u00e1cio de S\u00e1 (Bras\u00edlia)<span style=\"color: #ffffff; font-family: Arial,Helvetica;\"><strong>\u00a0<\/strong><\/span>e associada da Associa\u00e7\u00e3o Brasileira de Psicologia Social &#8211; ABRAPSO.<\/div>\n<div style=\"text-align: justify;\"><\/div>\n<div><strong><\/strong>Contacto: <a href=\"mailto:jaquelinejesus@unb.br\" target=\"_blank\">jaquelinejesus@unb.br<\/a><br \/>\nCurr\u00edculo Lattes:\u00a0<a href=\"http:\/\/lattes.cnpq.br\/0121194567584126\" target=\"_blank\">http:\/\/lattes.cnpq.br\/<wbr>0121194567584126<\/wbr><\/a><\/div>\n<p>&nbsp;<\/p>\n","protected":false},"excerpt":{"rendered":"<p>Doutora em Psicologia Social, do Trabalho e das Organiza\u00e7\u00f5es pela Universidade de Bras\u00edlia &#8211; UnB. Foi Supervisora T\u00e9cnica dos Princ\u00edpios, Diretrizes e A\u00e7\u00f5es em Sa\u00fade Mental na Administra\u00e7\u00e3o P\u00fablica Federal (http:\/\/www.planejamento.gov.br\/hotsites\/forumdevigilancia\/arquivos\/Saude%20Mental_14&#215;211.pdf) e ocupou o cargo de Assessora de Diversidade e Apoio aos Cotistas e Coordenadora do Centro de Conviv\u00eancia Negra da UnB (2006-2008). \u00c9 professora &hellip; <\/p>\n<p class=\"link-more\"><a href=\"https:\/\/red.antropologiadelcuerpo.com\/index.php\/jaqueline-gomes-de-jesus\/\" class=\"more-link\">Continuar leyendo<span class=\"screen-reader-text\"> \u00abJaqueline Gomes de Jesus\u00bb<\/span><\/a><\/p>\n","protected":false},"author":1,"featured_media":0,"comment_status":"closed","ping_status":"open","sticky":false,"template":"","format":"standard","meta":{"ngg_post_thumbnail":0,"footnotes":""},"categories":[21,7],"tags":[176],"class_list":["post-1011","post","type-post","status-publish","format-standard","hentry","category-brasil","category-investigadores","tag-movimentos-sociais-gestao-da-diversidade-saude-do-trabalhador-genero-orientacao-sexual-racaetnia"],"_links":{"self":[{"href":"https:\/\/red.antropologiadelcuerpo.com\/index.php\/wp-json\/wp\/v2\/posts\/1011","targetHints":{"allow":["GET"]}}],"collection":[{"href":"https:\/\/red.antropologiadelcuerpo.com\/index.php\/wp-json\/wp\/v2\/posts"}],"about":[{"href":"https:\/\/red.antropologiadelcuerpo.com\/index.php\/wp-json\/wp\/v2\/types\/post"}],"author":[{"embeddable":true,"href":"https:\/\/red.antropologiadelcuerpo.com\/index.php\/wp-json\/wp\/v2\/users\/1"}],"replies":[{"embeddable":true,"href":"https:\/\/red.antropologiadelcuerpo.com\/index.php\/wp-json\/wp\/v2\/comments?post=1011"}],"version-history":[{"count":4,"href":"https:\/\/red.antropologiadelcuerpo.com\/index.php\/wp-json\/wp\/v2\/posts\/1011\/revisions"}],"predecessor-version":[{"id":1013,"href":"https:\/\/red.antropologiadelcuerpo.com\/index.php\/wp-json\/wp\/v2\/posts\/1011\/revisions\/1013"}],"wp:attachment":[{"href":"https:\/\/red.antropologiadelcuerpo.com\/index.php\/wp-json\/wp\/v2\/media?parent=1011"}],"wp:term":[{"taxonomy":"category","embeddable":true,"href":"https:\/\/red.antropologiadelcuerpo.com\/index.php\/wp-json\/wp\/v2\/categories?post=1011"},{"taxonomy":"post_tag","embeddable":true,"href":"https:\/\/red.antropologiadelcuerpo.com\/index.php\/wp-json\/wp\/v2\/tags?post=1011"}],"curies":[{"name":"wp","href":"https:\/\/api.w.org\/{rel}","templated":true}]}}